{"id":200335,"date":"2026-04-30T18:47:01","date_gmt":"2026-05-01T00:47:01","guid":{"rendered":"https:\/\/canal7slp.tv\/2026\/?p=200335"},"modified":"2026-04-30T18:47:01","modified_gmt":"2026-05-01T00:47:01","slug":"advierte-arquidiocesis-de-entorno-adverso-y-perdida-de-sentido-de-dios-en-la-ninez","status":"publish","type":"post","link":"https:\/\/canal7slp.tv\/2026\/advierte-arquidiocesis-de-entorno-adverso-y-perdida-de-sentido-de-dios-en-la-ninez\/","title":{"rendered":"Advierte Arquidi\u00f3cesis de entorno adverso y p\u00e9rdida de sentido de Dios, en la ni\u00f1ez"},"content":{"rendered":"<p style=\"text-align: justify;\"><span style=\"font-size: 1.21429rem;\">SLP.- En el marco de la celebraci\u00f3n del D\u00eda del Ni\u00f1o, el vocero del Arzobispado de San Luis Potos\u00ed, Tom\u00e1s Cruz Perales, envi\u00f3 un mensaje de felicitaci\u00f3n a las infancias locales, en representaci\u00f3n del arzobispo, Jorge Alberto Cavazos Arizpe.<\/span><\/p>\n<p style=\"text-align: justify;\">\u201cQueridas familias, este 30 de abril, fecha en el que celebramos el D\u00eda del Ni\u00f1o, deseo dirigir unas palabras llenas de afecto, esperanza y responsabilidad, a todas las familias de la arquidi\u00f3cesis y de manera muy especial a los ni\u00f1os que son un don de Dios, una alegr\u00eda para la iglesia y un llamado constante a la ternura\u201d.<\/p>\n<p style=\"text-align: justify;\">En su mensaje, reconoci\u00f3 que existen menores bajo problemas familiares y sociales.<\/p>\n<p style=\"text-align: justify;\">\u201cCon dolor, tenemos que reconocer que hay muchos ni\u00f1os que crecen en medio de ambientes que pueden lastimar su coraz\u00f3n; divisiones familiares, violencia verbal o f\u00edsica, ausencia de tiempo, pobreza afectiva, saturaci\u00f3n en pantallas, mensajes contrarios al evangelio, p\u00e9rdida del sentido de Dios\u201d.<\/p>\n<p style=\"text-align: justify;\">Lament\u00f3 el clima actual del pa\u00eds y la respuesta del Gobierno Federal, a cargo de Claudia Sheinbaum Pardo.<\/p>\n<p style=\"text-align: justify;\">\u201cSeguir invitando a las autoridades responsables, que tengan al alcance de los ni\u00f1os, especialmente de aquellos que padecen alguna enfermedad como el c\u00e1ncer, ya ven que estas son enfermedades que han sido muy abandonadas por el Gobierno Federal\u201d.<\/p>\n<p style=\"text-align: justify;\">Solicit\u00f3 mejorar el sistema de salud para este grupo etario.<\/p>\n<p style=\"text-align: justify;\">\u201cA partir de las situaciones que se vive en M\u00e9xico, haya m\u00e1s atenci\u00f3n en los hospitales, pues obviamente queremos para todos, pero ojal\u00e1 que se prioricen en esa situaci\u00f3n, los ni\u00f1os que viven enfermedades lamentables\u201d.<\/p>\n<p>Por: Juan Carlos Contreras<\/p>\n","protected":false},"excerpt":{"rendered":"<p>SLP.- En el marco de la celebraci\u00f3n del D\u00eda del Ni\u00f1o, el vocero del Arzobispado de San Luis Potos\u00ed, Tom\u00e1s Cruz Perales, envi\u00f3 un mensaje de felicitaci\u00f3n a las infancias locales, en representaci\u00f3n del arzobispo, Jorge Alberto Cavazos Arizpe. \u201cQueridas familias, este 30 de abril, fecha en el que celebramos el D\u00eda del Ni\u00f1o, deseo dirigir unas palabras llenas de afecto, esperanza y responsabilidad, a todas las familias de la arquidi\u00f3cesis y de manera muy especial a los ni\u00f1os que son un don de Dios, una alegr\u00eda para la iglesia y un llamado constante a la ternura\u201d. En su mensaje, [&hellip;]<\/p>\n","protected":false},"author":2,"featured_media":200358,"comment_status":"closed","ping_status":"closed","sticky":false,"template":"","format":"video","meta":{"_monsterinsights_skip_tracking":false,"_monsterinsights_sitenote_active":false,"_monsterinsights_sitenote_note":"","_monsterinsights_sitenote_category":0,"footnotes":""},"categories":[5,45],"tags":[],"class_list":["post-200335","post","type-post","status-publish","format-video","has-post-thumbnail","hentry","category-destacadas","category-localesyregionales","post_format-post-format-video","post--single"],"_links":{"self":[{"href":"https:\/\/canal7slp.tv\/2026\/wp-json\/wp\/v2\/posts\/200335","targetHints":{"allow":["GET"]}}],"collection":[{"href":"https:\/\/canal7slp.tv\/2026\/wp-json\/wp\/v2\/posts"}],"about":[{"href":"https:\/\/canal7slp.tv\/2026\/wp-json\/wp\/v2\/types\/post"}],"author":[{"embeddable":true,"href":"https:\/\/canal7slp.tv\/2026\/wp-json\/wp\/v2\/users\/2"}],"replies":[{"embeddable":true,"href":"https:\/\/canal7slp.tv\/2026\/wp-json\/wp\/v2\/comments?post=200335"}],"version-history":[{"count":3,"href":"https:\/\/canal7slp.tv\/2026\/wp-json\/wp\/v2\/posts\/200335\/revisions"}],"predecessor-version":[{"id":200364,"href":"https:\/\/canal7slp.tv\/2026\/wp-json\/wp\/v2\/posts\/200335\/revisions\/200364"}],"wp:featuredmedia":[{"embeddable":true,"href":"https:\/\/canal7slp.tv\/2026\/wp-json\/wp\/v2\/media\/200358"}],"wp:attachment":[{"href":"https:\/\/canal7slp.tv\/2026\/wp-json\/wp\/v2\/media?parent=200335"}],"wp:term":[{"taxonomy":"category","embeddable":true,"href":"https:\/\/canal7slp.tv\/2026\/wp-json\/wp\/v2\/categories?post=200335"},{"taxonomy":"post_tag","embeddable":true,"href":"https:\/\/canal7slp.tv\/2026\/wp-json\/wp\/v2\/tags?post=200335"}],"curies":[{"name":"wp","href":"https:\/\/api.w.org\/{rel}","templated":true}]}}