{"id":200306,"date":"2026-04-30T15:49:53","date_gmt":"2026-04-30T21:49:53","guid":{"rendered":"https:\/\/canal7slp.tv\/2026\/?p=200306"},"modified":"2026-04-30T15:49:53","modified_gmt":"2026-04-30T21:49:53","slug":"intensi-teens-el-sabado-2-mayo-en-el-centro-cultural-doroteo-arango","status":"publish","type":"post","link":"https:\/\/canal7slp.tv\/2026\/intensi-teens-el-sabado-2-mayo-en-el-centro-cultural-doroteo-arango\/","title":{"rendered":"Intensi Teens el s\u00e1bado 2 mayo en el Centro Cultural \u201cDoroteo Arango\u201d"},"content":{"rendered":"<p style=\"text-align: justify;\">SLP.- Sera este s\u00e1bado 2 de mayo que se lleve a cabo la edici\u00f3n numero once del Campeonato Estatal IntensiTeens, que en esta ocasi\u00f3n tendr\u00e1 como sede el Teatro y Centro Cultural \u201cDoroteo Arango\u201d en Soledad de Graciano S\u00e1nchez.<\/p>\n<p style=\"text-align: justify;\">IntensiTeens en alianza con Cheer M\u00e9xico llevar\u00e1n la emoci\u00f3n a otro nivel, ya que este a\u00f1o, los 2 mejores rankings del evento obtendr\u00e1n pases internacionales a Costa Rica y Colombia<\/p>\n<p style=\"text-align: justify;\">La competencia contempla dos categor\u00edas, Cheer Colegial y Cheer All Star. En la primera de ellas se tendr\u00e1n modalidades de Preescolar Nivel 1, Primaria Menor y Mayor Nivel 1, Primaria Mayor Nivel 2, Primaria General Nivel 1 y 2, adem\u00e1s de Secundaria Nivel 1 y 2, Primaria y Secundaria Nivel 1 y 2, Preparatoria Nivel 1 y 2, as\u00ed como Senior 2 Niveles 1 y 2.<\/p>\n<p style=\"text-align: justify;\">En Cheer All Star se participar\u00e1 en Tiny, Miny, Pewwe, Junior, Junior 2, Senior, Gran Spirit, Femenil, y Mixto.<\/p>\n","protected":false},"excerpt":{"rendered":"<p>SLP.- Sera este s\u00e1bado 2 de mayo que se lleve a cabo la edici\u00f3n numero once del Campeonato Estatal IntensiTeens, que en esta ocasi\u00f3n tendr\u00e1 como sede el Teatro y Centro Cultural \u201cDoroteo Arango\u201d en Soledad de Graciano S\u00e1nchez. IntensiTeens en alianza con Cheer M\u00e9xico llevar\u00e1n la emoci\u00f3n a otro nivel, ya que este a\u00f1o, los 2 mejores rankings del evento obtendr\u00e1n pases internacionales a Costa Rica y Colombia La competencia contempla dos categor\u00edas, Cheer Colegial y Cheer All Star. En la primera de ellas se tendr\u00e1n modalidades de Preescolar Nivel 1, Primaria Menor y Mayor Nivel 1, Primaria Mayor [&hellip;]<\/p>\n","protected":false},"author":2,"featured_media":200308,"comment_status":"closed","ping_status":"closed","sticky":false,"template":"","format":"video","meta":{"_monsterinsights_skip_tracking":false,"_monsterinsights_sitenote_active":false,"_monsterinsights_sitenote_note":"","_monsterinsights_sitenote_category":0,"footnotes":""},"categories":[7,5],"tags":[],"class_list":["post-200306","post","type-post","status-publish","format-video","has-post-thumbnail","hentry","category-deportes","category-destacadas","post_format-post-format-video","post--single"],"_links":{"self":[{"href":"https:\/\/canal7slp.tv\/2026\/wp-json\/wp\/v2\/posts\/200306","targetHints":{"allow":["GET"]}}],"collection":[{"href":"https:\/\/canal7slp.tv\/2026\/wp-json\/wp\/v2\/posts"}],"about":[{"href":"https:\/\/canal7slp.tv\/2026\/wp-json\/wp\/v2\/types\/post"}],"author":[{"embeddable":true,"href":"https:\/\/canal7slp.tv\/2026\/wp-json\/wp\/v2\/users\/2"}],"replies":[{"embeddable":true,"href":"https:\/\/canal7slp.tv\/2026\/wp-json\/wp\/v2\/comments?post=200306"}],"version-history":[{"count":1,"href":"https:\/\/canal7slp.tv\/2026\/wp-json\/wp\/v2\/posts\/200306\/revisions"}],"predecessor-version":[{"id":200309,"href":"https:\/\/canal7slp.tv\/2026\/wp-json\/wp\/v2\/posts\/200306\/revisions\/200309"}],"wp:featuredmedia":[{"embeddable":true,"href":"https:\/\/canal7slp.tv\/2026\/wp-json\/wp\/v2\/media\/200308"}],"wp:attachment":[{"href":"https:\/\/canal7slp.tv\/2026\/wp-json\/wp\/v2\/media?parent=200306"}],"wp:term":[{"taxonomy":"category","embeddable":true,"href":"https:\/\/canal7slp.tv\/2026\/wp-json\/wp\/v2\/categories?post=200306"},{"taxonomy":"post_tag","embeddable":true,"href":"https:\/\/canal7slp.tv\/2026\/wp-json\/wp\/v2\/tags?post=200306"}],"curies":[{"name":"wp","href":"https:\/\/api.w.org\/{rel}","templated":true}]}}