{"id":200296,"date":"2026-04-30T14:59:33","date_gmt":"2026-04-30T20:59:33","guid":{"rendered":"https:\/\/canal7slp.tv\/2026\/?p=200296"},"modified":"2026-04-30T14:59:33","modified_gmt":"2026-04-30T20:59:33","slug":"juez-valida-detencion-de-el-jardinero-y-ordena-prision-preventiva","status":"publish","type":"post","link":"https:\/\/canal7slp.tv\/2026\/juez-valida-detencion-de-el-jardinero-y-ordena-prision-preventiva\/","title":{"rendered":"Juez valida detenci\u00f3n de \u201cEl Jardinero\u201d y ordena prisi\u00f3n preventiva"},"content":{"rendered":"<p style=\"text-align: justify;\" data-start=\"197\" data-end=\"375\">M\u00e9xico.- Audias Flores Silva, conocido como \u201cEl Jardinero\u201d, permanecer\u00e1 en prisi\u00f3n preventiva tras ser acusado de portaci\u00f3n de armas de fuego y cargadores de uso exclusivo del Ej\u00e9rcito.<\/p>\n<p style=\"text-align: justify;\" data-start=\"377\" data-end=\"659\">La Fiscal\u00eda General de la Rep\u00fablica (FGR) inform\u00f3 que un juez valid\u00f3 su detenci\u00f3n, realizada durante un operativo en Nayarit, y orden\u00f3 la medida cautelar en su contra. Flores Silva es se\u00f1alado como presunto sucesor de Nemesio Oseguera Cervantes, alias \u201cEl Mencho\u201d.<\/p>\n<p style=\"text-align: justify;\" data-start=\"661\" data-end=\"1018\">La imputaci\u00f3n fue presentada por el Ministerio P\u00fablico Federal, adscrito a la Fiscal\u00eda Especializada en Materia de Delincuencia Organizada (FEMDO). Por su parte, la defensa solicit\u00f3 la duplicidad del t\u00e9rmino constitucional, lo que ampl\u00eda el plazo para que el juez determine si ser\u00e1 vinculado a proceso. La audiencia qued\u00f3 programada para el lunes 4 de mayo.<\/p>\n<p style=\"text-align: justify;\" data-start=\"1020\" data-end=\"1270\">Flores Silva fue detenido en la comunidad de El Mirador, en Nayarit, durante un operativo encabezado por fuerzas especiales de la Secretar\u00eda de Marina. Posteriormente, fue trasladado al penal de m\u00e1xima seguridad del Altiplano, en el Estado de M\u00e9xico.<\/p>\n<p style=\"text-align: justify;\" data-start=\"1272\" data-end=\"1702\">De acuerdo con las autoridades, \u201cEl Jardinero\u201d desempe\u00f1aba un papel relevante dentro del C\u00e1rtel Jalisco Nueva Generaci\u00f3n (CJNG), como operador log\u00edstico y financiero con presencia en estados como Nayarit, Jalisco, Zacatecas, Michoac\u00e1n y Guerrero. Adem\u00e1s, figuraba en la lista de los m\u00e1s buscados por el Gobierno de Estados Unidos, que ofrec\u00eda una recompensa de cinco millones de d\u00f3lares por informaci\u00f3n que llevara a su captura.<\/p>\n<p style=\"text-align: justify;\" data-start=\"1704\" data-end=\"2077\">La FGR tambi\u00e9n lo vincula con la distribuci\u00f3n de drogas en territorio estadounidense y la supervisi\u00f3n de laboratorios del CJNG. Asimismo, enfrenta una orden de detenci\u00f3n provisional con fines de extradici\u00f3n a Estados Unidos por asociaci\u00f3n delictuosa, delitos contra la salud y portaci\u00f3n de armas de fuego, adem\u00e1s de una orden de reaprehensi\u00f3n por homicidio emitida en 2024.<\/p>\n","protected":false},"excerpt":{"rendered":"<p>M\u00e9xico.- Audias Flores Silva, conocido como \u201cEl Jardinero\u201d, permanecer\u00e1 en prisi\u00f3n preventiva tras ser acusado de portaci\u00f3n de armas de fuego y cargadores de uso exclusivo del Ej\u00e9rcito. La Fiscal\u00eda General de la Rep\u00fablica (FGR) inform\u00f3 que un juez valid\u00f3 su detenci\u00f3n, realizada durante un operativo en Nayarit, y orden\u00f3 la medida cautelar en su contra. Flores Silva es se\u00f1alado como presunto sucesor de Nemesio Oseguera Cervantes, alias \u201cEl Mencho\u201d. La imputaci\u00f3n fue presentada por el Ministerio P\u00fablico Federal, adscrito a la Fiscal\u00eda Especializada en Materia de Delincuencia Organizada (FEMDO). Por su parte, la defensa solicit\u00f3 la duplicidad del t\u00e9rmino [&hellip;]<\/p>\n","protected":false},"author":2,"featured_media":200297,"comment_status":"closed","ping_status":"closed","sticky":false,"template":"","format":"standard","meta":{"_monsterinsights_skip_tracking":false,"_monsterinsights_sitenote_active":false,"_monsterinsights_sitenote_note":"","_monsterinsights_sitenote_category":0,"footnotes":""},"categories":[46],"tags":[],"class_list":["post-200296","post","type-post","status-publish","format-standard","has-post-thumbnail","hentry","category-nacional","post--single"],"_links":{"self":[{"href":"https:\/\/canal7slp.tv\/2026\/wp-json\/wp\/v2\/posts\/200296","targetHints":{"allow":["GET"]}}],"collection":[{"href":"https:\/\/canal7slp.tv\/2026\/wp-json\/wp\/v2\/posts"}],"about":[{"href":"https:\/\/canal7slp.tv\/2026\/wp-json\/wp\/v2\/types\/post"}],"author":[{"embeddable":true,"href":"https:\/\/canal7slp.tv\/2026\/wp-json\/wp\/v2\/users\/2"}],"replies":[{"embeddable":true,"href":"https:\/\/canal7slp.tv\/2026\/wp-json\/wp\/v2\/comments?post=200296"}],"version-history":[{"count":1,"href":"https:\/\/canal7slp.tv\/2026\/wp-json\/wp\/v2\/posts\/200296\/revisions"}],"predecessor-version":[{"id":200298,"href":"https:\/\/canal7slp.tv\/2026\/wp-json\/wp\/v2\/posts\/200296\/revisions\/200298"}],"wp:featuredmedia":[{"embeddable":true,"href":"https:\/\/canal7slp.tv\/2026\/wp-json\/wp\/v2\/media\/200297"}],"wp:attachment":[{"href":"https:\/\/canal7slp.tv\/2026\/wp-json\/wp\/v2\/media?parent=200296"}],"wp:term":[{"taxonomy":"category","embeddable":true,"href":"https:\/\/canal7slp.tv\/2026\/wp-json\/wp\/v2\/categories?post=200296"},{"taxonomy":"post_tag","embeddable":true,"href":"https:\/\/canal7slp.tv\/2026\/wp-json\/wp\/v2\/tags?post=200296"}],"curies":[{"name":"wp","href":"https:\/\/api.w.org\/{rel}","templated":true}]}}