{"id":200290,"date":"2026-04-30T14:16:24","date_gmt":"2026-04-30T20:16:24","guid":{"rendered":"https:\/\/canal7slp.tv\/2026\/?p=200290"},"modified":"2026-04-30T14:16:24","modified_gmt":"2026-04-30T20:16:24","slug":"cae-comandante-giro-en-michoacan","status":"publish","type":"post","link":"https:\/\/canal7slp.tv\/2026\/cae-comandante-giro-en-michoacan\/","title":{"rendered":"Cae \u201cComandante Giro\u201d en Michoac\u00e1n"},"content":{"rendered":"<p style=\"text-align: justify;\" data-start=\"195\" data-end=\"488\">Uruapan.- Las autoridades federales detuvieron a Hugo Armando Vel\u00e1zquez Barajas, alias \u201cComandante Giro\u201d, as\u00ed como a Hugo Vel\u00e1zquez Cervantes, durante un operativo realizado en Uruapan, Michoac\u00e1n. Esta acci\u00f3n forma parte de los esfuerzos para combatir a los grupos generadores de violencia en la regi\u00f3n.<\/p>\n<p style=\"text-align: justify;\" data-start=\"490\" data-end=\"833\">De acuerdo con las investigaciones, \u201cComandante Giro\u201d estar\u00eda vinculado con actividades de reclutamiento para la comisi\u00f3n de diversos delitos, entre ellos homicidios, principalmente en la localidad de San Juan el Nuevo. Asimismo, se le relaciona con una c\u00e9lula del C\u00e1rtel Nueva Generaci\u00f3n (CNG) dedicada a la distribuci\u00f3n de drogas en la zona.<\/p>\n<p style=\"text-align: justify;\" data-start=\"835\" data-end=\"1255\">Las autoridades identificaron previamente dos inmuebles presuntamente utilizados por integrantes de este grupo delictivo. Con base en estos indicios, un juez de Control otorg\u00f3 las \u00f3rdenes de cateo, las cuales fueron ejecutadas en domicilios ubicados en Uruapan. Durante los operativos, las fuerzas federales lograron la captura de ambos individuos, adem\u00e1s del aseguramiento de diversas dosis de droga y cartuchos \u00fatiles.<\/p>\n<p style=\"text-align: justify;\" data-start=\"1257\" data-end=\"1461\">A los detenidos se les informaron sus derechos constitucionales y, junto con lo asegurado, fueron puestos a disposici\u00f3n del Ministerio P\u00fablico, que determinar\u00e1 su situaci\u00f3n jur\u00eddica en las pr\u00f3ximas horas.<\/p>\n<p style=\"text-align: justify;\" data-start=\"1463\" data-end=\"2045\">En estas acciones participaron de manera coordinada elementos de la Secretar\u00eda de Seguridad y Protecci\u00f3n Ciudadana (SSPC), la Fiscal\u00eda General de la Rep\u00fablica (FGR), la Secretar\u00eda de Marina (Semar), la Secretar\u00eda de la Defensa Nacional (Sedena), la Guardia Nacional (GN), as\u00ed como la Fiscal\u00eda General del Estado (FGE) y la Secretar\u00eda de Seguridad P\u00fablica (SSP) de Michoac\u00e1n. Las instituciones que integran el Gabinete de Seguridad reiteraron su compromiso de mantener operativos conjuntos para desarticular estructuras criminales y avanzar en la construcci\u00f3n de la paz en el estado.<\/p>\n","protected":false},"excerpt":{"rendered":"<p>Uruapan.- Las autoridades federales detuvieron a Hugo Armando Vel\u00e1zquez Barajas, alias \u201cComandante Giro\u201d, as\u00ed como a Hugo Vel\u00e1zquez Cervantes, durante un operativo realizado en Uruapan, Michoac\u00e1n. Esta acci\u00f3n forma parte de los esfuerzos para combatir a los grupos generadores de violencia en la regi\u00f3n. De acuerdo con las investigaciones, \u201cComandante Giro\u201d estar\u00eda vinculado con actividades de reclutamiento para la comisi\u00f3n de diversos delitos, entre ellos homicidios, principalmente en la localidad de San Juan el Nuevo. Asimismo, se le relaciona con una c\u00e9lula del C\u00e1rtel Nueva Generaci\u00f3n (CNG) dedicada a la distribuci\u00f3n de drogas en la zona. Las autoridades identificaron previamente [&hellip;]<\/p>\n","protected":false},"author":2,"featured_media":200291,"comment_status":"closed","ping_status":"closed","sticky":false,"template":"","format":"standard","meta":{"_monsterinsights_skip_tracking":false,"_monsterinsights_sitenote_active":false,"_monsterinsights_sitenote_note":"","_monsterinsights_sitenote_category":0,"footnotes":""},"categories":[46],"tags":[],"class_list":["post-200290","post","type-post","status-publish","format-standard","has-post-thumbnail","hentry","category-nacional","post--single"],"_links":{"self":[{"href":"https:\/\/canal7slp.tv\/2026\/wp-json\/wp\/v2\/posts\/200290","targetHints":{"allow":["GET"]}}],"collection":[{"href":"https:\/\/canal7slp.tv\/2026\/wp-json\/wp\/v2\/posts"}],"about":[{"href":"https:\/\/canal7slp.tv\/2026\/wp-json\/wp\/v2\/types\/post"}],"author":[{"embeddable":true,"href":"https:\/\/canal7slp.tv\/2026\/wp-json\/wp\/v2\/users\/2"}],"replies":[{"embeddable":true,"href":"https:\/\/canal7slp.tv\/2026\/wp-json\/wp\/v2\/comments?post=200290"}],"version-history":[{"count":1,"href":"https:\/\/canal7slp.tv\/2026\/wp-json\/wp\/v2\/posts\/200290\/revisions"}],"predecessor-version":[{"id":200292,"href":"https:\/\/canal7slp.tv\/2026\/wp-json\/wp\/v2\/posts\/200290\/revisions\/200292"}],"wp:featuredmedia":[{"embeddable":true,"href":"https:\/\/canal7slp.tv\/2026\/wp-json\/wp\/v2\/media\/200291"}],"wp:attachment":[{"href":"https:\/\/canal7slp.tv\/2026\/wp-json\/wp\/v2\/media?parent=200290"}],"wp:term":[{"taxonomy":"category","embeddable":true,"href":"https:\/\/canal7slp.tv\/2026\/wp-json\/wp\/v2\/categories?post=200290"},{"taxonomy":"post_tag","embeddable":true,"href":"https:\/\/canal7slp.tv\/2026\/wp-json\/wp\/v2\/tags?post=200290"}],"curies":[{"name":"wp","href":"https:\/\/api.w.org\/{rel}","templated":true}]}}