{"id":200204,"date":"2026-04-29T17:56:56","date_gmt":"2026-04-29T23:56:56","guid":{"rendered":"https:\/\/canal7slp.tv\/2026\/?p=200204"},"modified":"2026-04-29T17:56:56","modified_gmt":"2026-04-29T23:56:56","slug":"necesario-que-gobiernos-fomenten-trabajo-formal-arquidiocesis","status":"publish","type":"post","link":"https:\/\/canal7slp.tv\/2026\/necesario-que-gobiernos-fomenten-trabajo-formal-arquidiocesis\/","title":{"rendered":"Necesario que gobiernos fomenten trabajo formal: Arquidi\u00f3cesis"},"content":{"rendered":"<p style=\"text-align: justify;\">SLP.- El arranque del mes de mayo traer\u00e1 consigo una serie de celebraciones, conmemoraciones y sobre todo, trabajo que debe de realizarse por parte de las autoridades en el tema del empleo formal, se\u00f1al\u00f3 el vocero del Arzobispado en San Luis Potos\u00ed, Tom\u00e1s Cruz Perales.<\/p>\n<p style=\"text-align: justify;\">\u201cEs un d\u00eda en el que es d\u00eda del trabajador; creo que a pesar de las estad\u00edsticas que dan las autoridades, pues yo creo que vale la pena tambi\u00e9n entender que haces falta un trabajo digno para muchas familias que no lo tienen\u201d.<\/p>\n<p style=\"text-align: justify;\">Y es que seg\u00fan la plataforma de an\u00e1lisis econ\u00f3mico sin fines de lucro, denominada \u201cC\u00f3mo vamos M\u00e9xico\u201d, se\u00f1ala un crecimiento del 55% de la informalidad al inicio del presente a\u00f1o.<\/p>\n<p style=\"text-align: justify;\">\u201cFalta mucho trabajar a las autoridades, s\u00ed, esto es muy evidente, pasa uno por las plazas, no que sea un mal trabajo, todos los trabajos son dignos, est\u00e1n haciendo su lucha para llevar el pan a la mesa de sus hijos, pero s\u00ed hace falta trabajar m\u00e1s en esto\u201d.<\/p>\n<p style=\"text-align: justify;\">Acept\u00f3 que en ocasiones, un trabajo informal conviene m\u00e1s que uno con prestaciones de ley.<\/p>\n<p style=\"text-align: justify;\">\u201cPues a veces encontramos que un trabajo informal da m\u00e1s remuneraci\u00f3n que un trabajo formal, sobre todo cuando hablamos de un obrero y estamos hablando, vamos de un nivel, que ciertamente da mucho que desear o da mucho que pensar en la forma de estar trabajando, de compensar bien la labor o el trabajo de las personas\u201d.<\/p>\n<p>Por: Juan Carlos Contreras<\/p>\n","protected":false},"excerpt":{"rendered":"<p>SLP.- El arranque del mes de mayo traer\u00e1 consigo una serie de celebraciones, conmemoraciones y sobre todo, trabajo que debe de realizarse por parte de las autoridades en el tema del empleo formal, se\u00f1al\u00f3 el vocero del Arzobispado en San Luis Potos\u00ed, Tom\u00e1s Cruz Perales. \u201cEs un d\u00eda en el que es d\u00eda del trabajador; creo que a pesar de las estad\u00edsticas que dan las autoridades, pues yo creo que vale la pena tambi\u00e9n entender que haces falta un trabajo digno para muchas familias que no lo tienen\u201d. Y es que seg\u00fan la plataforma de an\u00e1lisis econ\u00f3mico sin fines de [&hellip;]<\/p>\n","protected":false},"author":2,"featured_media":200215,"comment_status":"closed","ping_status":"closed","sticky":false,"template":"","format":"video","meta":{"_monsterinsights_skip_tracking":false,"_monsterinsights_sitenote_active":false,"_monsterinsights_sitenote_note":"","_monsterinsights_sitenote_category":0,"footnotes":""},"categories":[5,45],"tags":[],"class_list":["post-200204","post","type-post","status-publish","format-video","has-post-thumbnail","hentry","category-destacadas","category-localesyregionales","post_format-post-format-video","post--single"],"_links":{"self":[{"href":"https:\/\/canal7slp.tv\/2026\/wp-json\/wp\/v2\/posts\/200204","targetHints":{"allow":["GET"]}}],"collection":[{"href":"https:\/\/canal7slp.tv\/2026\/wp-json\/wp\/v2\/posts"}],"about":[{"href":"https:\/\/canal7slp.tv\/2026\/wp-json\/wp\/v2\/types\/post"}],"author":[{"embeddable":true,"href":"https:\/\/canal7slp.tv\/2026\/wp-json\/wp\/v2\/users\/2"}],"replies":[{"embeddable":true,"href":"https:\/\/canal7slp.tv\/2026\/wp-json\/wp\/v2\/comments?post=200204"}],"version-history":[{"count":2,"href":"https:\/\/canal7slp.tv\/2026\/wp-json\/wp\/v2\/posts\/200204\/revisions"}],"predecessor-version":[{"id":200225,"href":"https:\/\/canal7slp.tv\/2026\/wp-json\/wp\/v2\/posts\/200204\/revisions\/200225"}],"wp:featuredmedia":[{"embeddable":true,"href":"https:\/\/canal7slp.tv\/2026\/wp-json\/wp\/v2\/media\/200215"}],"wp:attachment":[{"href":"https:\/\/canal7slp.tv\/2026\/wp-json\/wp\/v2\/media?parent=200204"}],"wp:term":[{"taxonomy":"category","embeddable":true,"href":"https:\/\/canal7slp.tv\/2026\/wp-json\/wp\/v2\/categories?post=200204"},{"taxonomy":"post_tag","embeddable":true,"href":"https:\/\/canal7slp.tv\/2026\/wp-json\/wp\/v2\/tags?post=200204"}],"curies":[{"name":"wp","href":"https:\/\/api.w.org\/{rel}","templated":true}]}}