{"id":200201,"date":"2026-04-29T17:48:21","date_gmt":"2026-04-29T23:48:21","guid":{"rendered":"https:\/\/canal7slp.tv\/2026\/?p=200201"},"modified":"2026-04-29T17:48:21","modified_gmt":"2026-04-29T23:48:21","slug":"renuncia-mauricio-ordaz-a-la-titularidad-de-proteccion-civil-estatal","status":"publish","type":"post","link":"https:\/\/canal7slp.tv\/2026\/renuncia-mauricio-ordaz-a-la-titularidad-de-proteccion-civil-estatal\/","title":{"rendered":"Renuncia Mauricio Ordaz a la titularidad de Protecci\u00f3n Civil Estatal"},"content":{"rendered":"<ul>\n<li style=\"text-align: justify;\">El subdirector operativo, C\u00e9sar Manuel Rocha Moreno ahora est\u00e1 a cargo.<\/li>\n<\/ul>\n<p style=\"text-align: justify;\">SLP.-\u00a0Mauricio Ordaz Flores present\u00f3 \u00e9ste 28 de abril su renuncia a la Coordinaci\u00f3n Estatal de Protecci\u00f3n Civil de San Luis Potos\u00ed. El exfuncionario argument\u00f3 temas relacionados a su salud, motivo por el cual deja el cargo despu\u00e9s de m\u00e1s de cuatro a\u00f1os de labor.<\/p>\n<p style=\"text-align: justify;\">C\u00e9sar Manuel Rocha Moreno ser\u00e1 el encargado de despacho de la Coordinaci\u00f3n Estatal de Protecci\u00f3n Civil, el funcionario se desempe\u00f1aba como subdirector operativo hasta antes de la baja de Ordaz Flores.<\/p>\n<p style=\"text-align: justify;\">La propia Coordinaci\u00f3n Estatal de Protecci\u00f3n Civil confirm\u00f3 la salida de Ordaz Flores y el nombramiento de Rocha Moreno.<\/p>\n<p style=\"text-align: justify;\">El ahora encargado de despacho, cuenta con experiencia en el interior de la dependencia pues se desempe\u00f1aba como subdirector operativo.<\/p>\n<p style=\"text-align: justify;\">Se espera que a la brevedad se tome la protesta como encargado de despacho por parte de las autoridades correspondientes de Gobierno del Estado, o en caso dado se d\u00e9 un nombramiento permanente de otro perfil.<\/p>\n<p style=\"text-align: justify;\">Por: Juan Carlos COntreras<\/p>\n","protected":false},"excerpt":{"rendered":"<p>El subdirector operativo, C\u00e9sar Manuel Rocha Moreno ahora est\u00e1 a cargo. SLP.-\u00a0Mauricio Ordaz Flores present\u00f3 \u00e9ste 28 de abril su renuncia a la Coordinaci\u00f3n Estatal de Protecci\u00f3n Civil de San Luis Potos\u00ed. El exfuncionario argument\u00f3 temas relacionados a su salud, motivo por el cual deja el cargo despu\u00e9s de m\u00e1s de cuatro a\u00f1os de labor. C\u00e9sar Manuel Rocha Moreno ser\u00e1 el encargado de despacho de la Coordinaci\u00f3n Estatal de Protecci\u00f3n Civil, el funcionario se desempe\u00f1aba como subdirector operativo hasta antes de la baja de Ordaz Flores. La propia Coordinaci\u00f3n Estatal de Protecci\u00f3n Civil confirm\u00f3 la salida de Ordaz Flores y [&hellip;]<\/p>\n","protected":false},"author":2,"featured_media":200212,"comment_status":"closed","ping_status":"closed","sticky":false,"template":"","format":"video","meta":{"_monsterinsights_skip_tracking":false,"_monsterinsights_sitenote_active":false,"_monsterinsights_sitenote_note":"","_monsterinsights_sitenote_category":0,"footnotes":""},"categories":[5,510,45],"tags":[],"class_list":["post-200201","post","type-post","status-publish","format-video","has-post-thumbnail","hentry","category-destacadas","category-gobedoslp","category-localesyregionales","post_format-post-format-video","post--single"],"_links":{"self":[{"href":"https:\/\/canal7slp.tv\/2026\/wp-json\/wp\/v2\/posts\/200201","targetHints":{"allow":["GET"]}}],"collection":[{"href":"https:\/\/canal7slp.tv\/2026\/wp-json\/wp\/v2\/posts"}],"about":[{"href":"https:\/\/canal7slp.tv\/2026\/wp-json\/wp\/v2\/types\/post"}],"author":[{"embeddable":true,"href":"https:\/\/canal7slp.tv\/2026\/wp-json\/wp\/v2\/users\/2"}],"replies":[{"embeddable":true,"href":"https:\/\/canal7slp.tv\/2026\/wp-json\/wp\/v2\/comments?post=200201"}],"version-history":[{"count":3,"href":"https:\/\/canal7slp.tv\/2026\/wp-json\/wp\/v2\/posts\/200201\/revisions"}],"predecessor-version":[{"id":200223,"href":"https:\/\/canal7slp.tv\/2026\/wp-json\/wp\/v2\/posts\/200201\/revisions\/200223"}],"wp:featuredmedia":[{"embeddable":true,"href":"https:\/\/canal7slp.tv\/2026\/wp-json\/wp\/v2\/media\/200212"}],"wp:attachment":[{"href":"https:\/\/canal7slp.tv\/2026\/wp-json\/wp\/v2\/media?parent=200201"}],"wp:term":[{"taxonomy":"category","embeddable":true,"href":"https:\/\/canal7slp.tv\/2026\/wp-json\/wp\/v2\/categories?post=200201"},{"taxonomy":"post_tag","embeddable":true,"href":"https:\/\/canal7slp.tv\/2026\/wp-json\/wp\/v2\/tags?post=200201"}],"curies":[{"name":"wp","href":"https:\/\/api.w.org\/{rel}","templated":true}]}}