{"id":200193,"date":"2026-04-29T16:47:02","date_gmt":"2026-04-29T22:47:02","guid":{"rendered":"https:\/\/canal7slp.tv\/2026\/?p=200193"},"modified":"2026-04-29T16:47:02","modified_gmt":"2026-04-29T22:47:02","slug":"sre-confirma-solicitud-de-eua-para-extraditar-a-rocha-moya","status":"publish","type":"post","link":"https:\/\/canal7slp.tv\/2026\/sre-confirma-solicitud-de-eua-para-extraditar-a-rocha-moya\/","title":{"rendered":"SRE confirma solicitud de EUA para extraditar a Rocha Moya"},"content":{"rendered":"<ul>\n<li data-start=\"249\" data-end=\"589\">FGR evaluar\u00e1 acusaciones de la Fiscal\u00eda Federal de Nueva York.<\/li>\n<\/ul>\n<p style=\"text-align: justify;\" data-start=\"249\" data-end=\"589\">M\u00e9xico.- Este mi\u00e9rcoles, la Fiscal\u00eda Federal del Distrito Sur de Nueva York present\u00f3 cargos penales contra el gobernador de Sinaloa, <span class=\"hover:entity-accent entity-underline inline cursor-pointer align-baseline\"><span class=\"whitespace-normal\">Rub\u00e9n Rocha Moya<\/span><\/span>, y otros nueve funcionarios mexicanos, acus\u00e1ndolos de tr\u00e1fico de drogas y armas hacia Estados Unidos, as\u00ed como de presuntos v\u00ednculos con el <span class=\"hover:entity-accent entity-underline inline cursor-pointer align-baseline\"><span class=\"whitespace-normal\">C\u00e1rtel de Sinaloa<\/span><\/span>.<\/p>\n<p style=\"text-align: justify;\" data-start=\"591\" data-end=\"833\">En respuesta, la <span class=\"hover:entity-accent entity-underline inline cursor-pointer align-baseline\"><span class=\"whitespace-normal\">Secretar\u00eda de Relaciones Exteriores<\/span><\/span> (SRE) inform\u00f3 que el pasado 28 de abril recibi\u00f3 solicitudes de extradici\u00f3n por parte del gobierno encabezado por <span class=\"hover:entity-accent entity-underline inline cursor-pointer align-baseline\"><span class=\"whitespace-normal\">Donald Trump<\/span><\/span>, incluida la del mandatario estatal.<\/p>\n<p style=\"text-align: justify;\" data-start=\"835\" data-end=\"1134\">Mediante un comunicado, la canciller\u00eda explic\u00f3 que, tras realizar un an\u00e1lisis jur\u00eddico conforme al Tratado de Extradici\u00f3n bilateral, los documentos enviados no contienen elementos suficientes para acreditar la probable responsabilidad de los solicitados ni para justificar una detenci\u00f3n provisional.<\/p>\n<p style=\"text-align: justify;\" data-start=\"1136\" data-end=\"1300\">La informaci\u00f3n fue turnada a la <span class=\"hover:entity-accent entity-underline inline cursor-pointer align-baseline\"><span class=\"whitespace-normal\">Fiscal\u00eda General de la Rep\u00fablica<\/span><\/span> (FGR), instancia que evaluar\u00e1 el estado de las solicitudes conforme a la legislaci\u00f3n mexicana.<\/p>\n<p style=\"text-align: justify;\" data-start=\"1302\" data-end=\"1589\">Asimismo, la SRE destac\u00f3 que existen disposiciones espec\u00edficas en los tratados internacionales que garantizan la confidencialidad de este tipo de procedimientos, por lo que anunci\u00f3 que enviar\u00e1 un extra\u00f1amiento a la Embajada de Estados Unidos por la forma en que se dio a conocer el caso.<\/p>\n<p style=\"text-align: justify;\" data-start=\"1591\" data-end=\"1847\">El comunicado subray\u00f3 que, aunque los documentos carecen de elementos probatorios suficientes, ser\u00e1 la FGR la encargada de determinar la viabilidad de las solicitudes de detenci\u00f3n provisional con fines de extradici\u00f3n, conforme al sistema jur\u00eddico nacional.<\/p>\n","protected":false},"excerpt":{"rendered":"<p>FGR evaluar\u00e1 acusaciones de la Fiscal\u00eda Federal de Nueva York. M\u00e9xico.- Este mi\u00e9rcoles, la Fiscal\u00eda Federal del Distrito Sur de Nueva York present\u00f3 cargos penales contra el gobernador de Sinaloa, Rub\u00e9n Rocha Moya, y otros nueve funcionarios mexicanos, acus\u00e1ndolos de tr\u00e1fico de drogas y armas hacia Estados Unidos, as\u00ed como de presuntos v\u00ednculos con el C\u00e1rtel de Sinaloa. En respuesta, la Secretar\u00eda de Relaciones Exteriores (SRE) inform\u00f3 que el pasado 28 de abril recibi\u00f3 solicitudes de extradici\u00f3n por parte del gobierno encabezado por Donald Trump, incluida la del mandatario estatal. Mediante un comunicado, la canciller\u00eda explic\u00f3 que, tras realizar un [&hellip;]<\/p>\n","protected":false},"author":2,"featured_media":200194,"comment_status":"closed","ping_status":"closed","sticky":false,"template":"","format":"standard","meta":{"_monsterinsights_skip_tracking":false,"_monsterinsights_sitenote_active":false,"_monsterinsights_sitenote_note":"","_monsterinsights_sitenote_category":0,"footnotes":""},"categories":[46],"tags":[],"class_list":["post-200193","post","type-post","status-publish","format-standard","has-post-thumbnail","hentry","category-nacional","post--single"],"_links":{"self":[{"href":"https:\/\/canal7slp.tv\/2026\/wp-json\/wp\/v2\/posts\/200193","targetHints":{"allow":["GET"]}}],"collection":[{"href":"https:\/\/canal7slp.tv\/2026\/wp-json\/wp\/v2\/posts"}],"about":[{"href":"https:\/\/canal7slp.tv\/2026\/wp-json\/wp\/v2\/types\/post"}],"author":[{"embeddable":true,"href":"https:\/\/canal7slp.tv\/2026\/wp-json\/wp\/v2\/users\/2"}],"replies":[{"embeddable":true,"href":"https:\/\/canal7slp.tv\/2026\/wp-json\/wp\/v2\/comments?post=200193"}],"version-history":[{"count":1,"href":"https:\/\/canal7slp.tv\/2026\/wp-json\/wp\/v2\/posts\/200193\/revisions"}],"predecessor-version":[{"id":200195,"href":"https:\/\/canal7slp.tv\/2026\/wp-json\/wp\/v2\/posts\/200193\/revisions\/200195"}],"wp:featuredmedia":[{"embeddable":true,"href":"https:\/\/canal7slp.tv\/2026\/wp-json\/wp\/v2\/media\/200194"}],"wp:attachment":[{"href":"https:\/\/canal7slp.tv\/2026\/wp-json\/wp\/v2\/media?parent=200193"}],"wp:term":[{"taxonomy":"category","embeddable":true,"href":"https:\/\/canal7slp.tv\/2026\/wp-json\/wp\/v2\/categories?post=200193"},{"taxonomy":"post_tag","embeddable":true,"href":"https:\/\/canal7slp.tv\/2026\/wp-json\/wp\/v2\/tags?post=200193"}],"curies":[{"name":"wp","href":"https:\/\/api.w.org\/{rel}","templated":true}]}}