{"id":200187,"date":"2026-04-29T16:17:46","date_gmt":"2026-04-29T22:17:46","guid":{"rendered":"https:\/\/canal7slp.tv\/2026\/?p=200187"},"modified":"2026-04-29T16:17:46","modified_gmt":"2026-04-29T22:17:46","slug":"falta-de-estabilidad-laboral-afecta-a-academicos-y-el-desarrollo-cientifico-en-el-pais","status":"publish","type":"post","link":"https:\/\/canal7slp.tv\/2026\/falta-de-estabilidad-laboral-afecta-a-academicos-y-el-desarrollo-cientifico-en-el-pais\/","title":{"rendered":"Falta de estabilidad laboral afecta a academicos y el desarrollo cientifico en el pa\u00eds"},"content":{"rendered":"<p style=\"text-align: justify;\">M\u00e9xico.- En M\u00e9xico, m\u00e1s del 70% del personal acad\u00e9mico carece de estabilidad laboral, una situaci\u00f3n que afecta gravemente el avance cient\u00edfico del pa\u00eds. Esta precariedad no solo vulnera derechos fundamentales, sino que tambi\u00e9n limita la innovaci\u00f3n y el desarrollo social, convirtiendo la lucha por mejores condiciones laborales en una prioridad urgente para el futuro nacional.<\/p>\n<p style=\"text-align: justify;\">Luis Gonz\u00e1lez Placencia, secretario general ejecutivo de la Asociaci\u00f3n Nacional de Universidades e Instituciones de Educaci\u00f3n Superior, advirti\u00f3 que la falta de estabilidad para investigadores y docentes obstaculiza la generaci\u00f3n de conocimiento y la innovaci\u00f3n. Durante la inauguraci\u00f3n del 5\u00ba Encuentro Internacional de Trabajadoras y Trabajadores Cient\u00edficos y el 8\u00ba Foro Latinoamericano, subray\u00f3 que \u201cno hay ciencia sin cient\u00edficos\u201d.<\/p>\n<p style=\"text-align: justify;\">El funcionario hizo un llamado a transformar los modelos de contrataci\u00f3n en el sector acad\u00e9mico para garantizar estabilidad laboral, seguridad social y condiciones dignas. Entre las propuestas de la ANUIES destacan la creaci\u00f3n de esquemas de retiro digno, mecanismos de relevo generacional para j\u00f3venes investigadores y la reducci\u00f3n de brechas de g\u00e9nero en \u00e1reas STEM y en cargos directivos.<\/p>\n<p style=\"text-align: justify;\">Asimismo, enfatiz\u00f3 que la ciencia debe asumirse como un bien p\u00fablico y un derecho humano, y que mejorar las condiciones laborales es clave para que el sector cumpla su papel como motor de transformaci\u00f3n social. Tambi\u00e9n plante\u00f3 alinear la agenda cient\u00edfica con desaf\u00edos contempor\u00e1neos, como la sostenibilidad ambiental y el uso \u00e9tico de la inteligencia artificial, promoviendo una internacionalizaci\u00f3n solidaria en Am\u00e9rica Latina.<\/p>\n<p style=\"text-align: justify;\">\u201cLa defensa de los derechos de la comunidad cient\u00edfica es la defensa del futuro de nuestras naciones\u201d, concluy\u00f3.<\/p>\n","protected":false},"excerpt":{"rendered":"<p>M\u00e9xico.- En M\u00e9xico, m\u00e1s del 70% del personal acad\u00e9mico carece de estabilidad laboral, una situaci\u00f3n que afecta gravemente el avance cient\u00edfico del pa\u00eds. Esta precariedad no solo vulnera derechos fundamentales, sino que tambi\u00e9n limita la innovaci\u00f3n y el desarrollo social, convirtiendo la lucha por mejores condiciones laborales en una prioridad urgente para el futuro nacional. Luis Gonz\u00e1lez Placencia, secretario general ejecutivo de la Asociaci\u00f3n Nacional de Universidades e Instituciones de Educaci\u00f3n Superior, advirti\u00f3 que la falta de estabilidad para investigadores y docentes obstaculiza la generaci\u00f3n de conocimiento y la innovaci\u00f3n. Durante la inauguraci\u00f3n del 5\u00ba Encuentro Internacional de Trabajadoras y [&hellip;]<\/p>\n","protected":false},"author":2,"featured_media":200188,"comment_status":"closed","ping_status":"closed","sticky":false,"template":"","format":"standard","meta":{"_monsterinsights_skip_tracking":false,"_monsterinsights_sitenote_active":false,"_monsterinsights_sitenote_note":"","_monsterinsights_sitenote_category":0,"footnotes":""},"categories":[40,46],"tags":[],"class_list":["post-200187","post","type-post","status-publish","format-standard","has-post-thumbnail","hentry","category-economia","category-nacional","post--single"],"_links":{"self":[{"href":"https:\/\/canal7slp.tv\/2026\/wp-json\/wp\/v2\/posts\/200187","targetHints":{"allow":["GET"]}}],"collection":[{"href":"https:\/\/canal7slp.tv\/2026\/wp-json\/wp\/v2\/posts"}],"about":[{"href":"https:\/\/canal7slp.tv\/2026\/wp-json\/wp\/v2\/types\/post"}],"author":[{"embeddable":true,"href":"https:\/\/canal7slp.tv\/2026\/wp-json\/wp\/v2\/users\/2"}],"replies":[{"embeddable":true,"href":"https:\/\/canal7slp.tv\/2026\/wp-json\/wp\/v2\/comments?post=200187"}],"version-history":[{"count":1,"href":"https:\/\/canal7slp.tv\/2026\/wp-json\/wp\/v2\/posts\/200187\/revisions"}],"predecessor-version":[{"id":200189,"href":"https:\/\/canal7slp.tv\/2026\/wp-json\/wp\/v2\/posts\/200187\/revisions\/200189"}],"wp:featuredmedia":[{"embeddable":true,"href":"https:\/\/canal7slp.tv\/2026\/wp-json\/wp\/v2\/media\/200188"}],"wp:attachment":[{"href":"https:\/\/canal7slp.tv\/2026\/wp-json\/wp\/v2\/media?parent=200187"}],"wp:term":[{"taxonomy":"category","embeddable":true,"href":"https:\/\/canal7slp.tv\/2026\/wp-json\/wp\/v2\/categories?post=200187"},{"taxonomy":"post_tag","embeddable":true,"href":"https:\/\/canal7slp.tv\/2026\/wp-json\/wp\/v2\/tags?post=200187"}],"curies":[{"name":"wp","href":"https:\/\/api.w.org\/{rel}","templated":true}]}}