{"id":200184,"date":"2026-04-29T15:48:46","date_gmt":"2026-04-29T21:48:46","guid":{"rendered":"https:\/\/canal7slp.tv\/2026\/?p=200184"},"modified":"2026-04-29T15:48:46","modified_gmt":"2026-04-29T21:48:46","slug":"trump-reconoce-a-astronautas-de-artemis-ii-por-logros-historicos-en-la-exploracion-lunar","status":"publish","type":"post","link":"https:\/\/canal7slp.tv\/2026\/trump-reconoce-a-astronautas-de-artemis-ii-por-logros-historicos-en-la-exploracion-lunar\/","title":{"rendered":"Trump reconoce a astronautas de Artemis II por logros hist\u00f3ricos en la exploraci\u00f3n lunar"},"content":{"rendered":"<p style=\"text-align: justify;\">Washington DC.-\u00a0El presidente de Estados Unidos, <span class=\"hover:entity-accent entity-underline inline cursor-pointer align-baseline\"><span class=\"whitespace-normal\">Donald Trump<\/span><\/span>, recibi\u00f3 en la Casa Blanca a los astronautas de la misi\u00f3n <span class=\"hover:entity-accent entity-underline inline cursor-pointer align-baseline\"><span class=\"whitespace-normal\">Artemis II<\/span><\/span> de la <span class=\"hover:entity-accent entity-underline inline cursor-pointer align-baseline\"><span class=\"whitespace-normal\">NASA<\/span><\/span>, reconociendo su logro al completar la primera misi\u00f3n tripulada en m\u00e1s de 50 a\u00f1os que alcanz\u00f3 la \u00f3rbita lunar y realiz\u00f3 el viaje m\u00e1s lejano desde la Tierra.<\/p>\n<p style=\"text-align: justify;\" data-start=\"617\" data-end=\"1053\">Durante el encuentro, el mandatario subray\u00f3 la relevancia de la tripulaci\u00f3n para el pa\u00eds y elogi\u00f3 el liderazgo de <span class=\"hover:entity-accent entity-underline inline cursor-pointer align-baseline\"><span class=\"whitespace-normal\">Jared Isaacman<\/span><\/span> al frente de la agencia. La misi\u00f3n estuvo integrada por <span class=\"hover:entity-accent entity-underline inline cursor-pointer align-baseline\"><span class=\"whitespace-normal\">Reid Wiseman<\/span><\/span>, <span class=\"hover:entity-accent entity-underline inline cursor-pointer align-baseline\"><span class=\"whitespace-normal\">Christina Koch<\/span><\/span> y <span class=\"hover:entity-accent entity-underline inline cursor-pointer align-baseline\"><span class=\"whitespace-normal\">Victor Glover<\/span><\/span>, as\u00ed como por <span class=\"hover:entity-accent entity-underline inline cursor-pointer align-baseline\"><span class=\"whitespace-normal\">Jeremy Hansen<\/span><\/span>, representante de la <span class=\"hover:entity-accent entity-underline inline cursor-pointer align-baseline\"><span class=\"whitespace-normal\">Agencia Espacial Canadiense<\/span><\/span>.<\/p>\n<p style=\"text-align: justify;\" data-start=\"1055\" data-end=\"1250\">Trump tambi\u00e9n destac\u00f3 las habilidades y la preparaci\u00f3n necesarias para llevar a cabo una misi\u00f3n espacial de esta magnitud, e incluso brome\u00f3 sobre la posibilidad de participar en una en el futuro.<\/p>\n<p style=\"text-align: justify;\" data-start=\"1252\" data-end=\"1472\">La misi\u00f3n, que concluy\u00f3 con \u00e9xito el pasado 10 de abril, representa un avance clave dentro del Programa Artemis, cuyo objetivo es regresar a la Luna en 2028 y sentar las bases para una futura presencia humana permanente.<\/p>\n<p style=\"text-align: justify;\" data-start=\"1474\" data-end=\"1694\">Adem\u00e1s, la tripulaci\u00f3n de Artemis II estableci\u00f3 un nuevo r\u00e9cord al alcanzar una distancia de 406,771 kil\u00f3metros de la Tierra, superando la marca previa lograda por la misi\u00f3n <span class=\"hover:entity-accent entity-underline inline cursor-pointer align-baseline\"><span class=\"whitespace-normal\">Apolo 13<\/span><\/span> en 1970.<\/p>\n","protected":false},"excerpt":{"rendered":"<p>Washington DC.-\u00a0El presidente de Estados Unidos, Donald Trump, recibi\u00f3 en la Casa Blanca a los astronautas de la misi\u00f3n Artemis II de la NASA, reconociendo su logro al completar la primera misi\u00f3n tripulada en m\u00e1s de 50 a\u00f1os que alcanz\u00f3 la \u00f3rbita lunar y realiz\u00f3 el viaje m\u00e1s lejano desde la Tierra. Durante el encuentro, el mandatario subray\u00f3 la relevancia de la tripulaci\u00f3n para el pa\u00eds y elogi\u00f3 el liderazgo de Jared Isaacman al frente de la agencia. La misi\u00f3n estuvo integrada por Reid Wiseman, Christina Koch y Victor Glover, as\u00ed como por Jeremy Hansen, representante de la Agencia Espacial [&hellip;]<\/p>\n","protected":false},"author":2,"featured_media":200185,"comment_status":"closed","ping_status":"closed","sticky":false,"template":"","format":"standard","meta":{"_monsterinsights_skip_tracking":false,"_monsterinsights_sitenote_active":false,"_monsterinsights_sitenote_note":"","_monsterinsights_sitenote_category":0,"footnotes":""},"categories":[44],"tags":[],"class_list":["post-200184","post","type-post","status-publish","format-standard","has-post-thumbnail","hentry","category-internacional","post--single"],"_links":{"self":[{"href":"https:\/\/canal7slp.tv\/2026\/wp-json\/wp\/v2\/posts\/200184","targetHints":{"allow":["GET"]}}],"collection":[{"href":"https:\/\/canal7slp.tv\/2026\/wp-json\/wp\/v2\/posts"}],"about":[{"href":"https:\/\/canal7slp.tv\/2026\/wp-json\/wp\/v2\/types\/post"}],"author":[{"embeddable":true,"href":"https:\/\/canal7slp.tv\/2026\/wp-json\/wp\/v2\/users\/2"}],"replies":[{"embeddable":true,"href":"https:\/\/canal7slp.tv\/2026\/wp-json\/wp\/v2\/comments?post=200184"}],"version-history":[{"count":1,"href":"https:\/\/canal7slp.tv\/2026\/wp-json\/wp\/v2\/posts\/200184\/revisions"}],"predecessor-version":[{"id":200186,"href":"https:\/\/canal7slp.tv\/2026\/wp-json\/wp\/v2\/posts\/200184\/revisions\/200186"}],"wp:featuredmedia":[{"embeddable":true,"href":"https:\/\/canal7slp.tv\/2026\/wp-json\/wp\/v2\/media\/200185"}],"wp:attachment":[{"href":"https:\/\/canal7slp.tv\/2026\/wp-json\/wp\/v2\/media?parent=200184"}],"wp:term":[{"taxonomy":"category","embeddable":true,"href":"https:\/\/canal7slp.tv\/2026\/wp-json\/wp\/v2\/categories?post=200184"},{"taxonomy":"post_tag","embeddable":true,"href":"https:\/\/canal7slp.tv\/2026\/wp-json\/wp\/v2\/tags?post=200184"}],"curies":[{"name":"wp","href":"https:\/\/api.w.org\/{rel}","templated":true}]}}