{"id":200180,"date":"2026-04-29T15:28:38","date_gmt":"2026-04-29T21:28:38","guid":{"rendered":"https:\/\/canal7slp.tv\/2026\/?p=200180"},"modified":"2026-04-29T15:28:38","modified_gmt":"2026-04-29T21:28:38","slug":"carrera-panamericana-2026-el-21-de-octubre-en-san-luis-potosi","status":"publish","type":"post","link":"https:\/\/canal7slp.tv\/2026\/carrera-panamericana-2026-el-21-de-octubre-en-san-luis-potosi\/","title":{"rendered":"Carrera Panamericana 2026 el 21 de octubre en San Luis Potos\u00ed"},"content":{"rendered":"<p style=\"text-align: justify;\">SLP.- Dieron a conocer las fechas y el recorrido de la Edici\u00f3n No. 39 de La Carrera Panamericana, la cual comprenda 7 d\u00edas de competencia del 16 al 22 de octubre iniciando en Chiapas y culminando en Zacatecas.<\/p>\n<p style=\"text-align: justify;\">La edici\u00f3n 39 de la Pana contempla estados como Chiapas, Veracruz, CDMX, Puebla, Quer\u00e9taro, Guanajuato, San Luis Potos\u00ed y Zacatecas.<\/p>\n<p style=\"text-align: justify;\">La carrera dar\u00e1 inicio el 16 de octubre saliendo de Chiapas hacia Veracruz, el d\u00eda 17 de octubre parten de Veracruz hacia ciudad de M\u00e9xico, para el d\u00eda 18 de octubre la caravana parte de ciudad de M\u00e9xico rumbo a Puebla, para el d\u00eda 19 de octubre parten de Puebla hacia Quer\u00e9taro, el 20 de octubre salen de Quer\u00e9taro hacia Guanajuato y el 21 de octubre parten de Guanajuato hacia San Luis Potos\u00ed y finalmente el 22 de octubre parten de San Luis Potos\u00ed a la meta instalada en Zacatecas.<\/p>\n","protected":false},"excerpt":{"rendered":"<p>SLP.- Dieron a conocer las fechas y el recorrido de la Edici\u00f3n No. 39 de La Carrera Panamericana, la cual comprenda 7 d\u00edas de competencia del 16 al 22 de octubre iniciando en Chiapas y culminando en Zacatecas. La edici\u00f3n 39 de la Pana contempla estados como Chiapas, Veracruz, CDMX, Puebla, Quer\u00e9taro, Guanajuato, San Luis Potos\u00ed y Zacatecas. La carrera dar\u00e1 inicio el 16 de octubre saliendo de Chiapas hacia Veracruz, el d\u00eda 17 de octubre parten de Veracruz hacia ciudad de M\u00e9xico, para el d\u00eda 18 de octubre la caravana parte de ciudad de M\u00e9xico rumbo a Puebla, para [&hellip;]<\/p>\n","protected":false},"author":2,"featured_media":200182,"comment_status":"closed","ping_status":"closed","sticky":false,"template":"","format":"video","meta":{"_monsterinsights_skip_tracking":false,"_monsterinsights_sitenote_active":false,"_monsterinsights_sitenote_note":"","_monsterinsights_sitenote_category":0,"footnotes":""},"categories":[7,5],"tags":[],"class_list":["post-200180","post","type-post","status-publish","format-video","has-post-thumbnail","hentry","category-deportes","category-destacadas","post_format-post-format-video","post--single"],"_links":{"self":[{"href":"https:\/\/canal7slp.tv\/2026\/wp-json\/wp\/v2\/posts\/200180","targetHints":{"allow":["GET"]}}],"collection":[{"href":"https:\/\/canal7slp.tv\/2026\/wp-json\/wp\/v2\/posts"}],"about":[{"href":"https:\/\/canal7slp.tv\/2026\/wp-json\/wp\/v2\/types\/post"}],"author":[{"embeddable":true,"href":"https:\/\/canal7slp.tv\/2026\/wp-json\/wp\/v2\/users\/2"}],"replies":[{"embeddable":true,"href":"https:\/\/canal7slp.tv\/2026\/wp-json\/wp\/v2\/comments?post=200180"}],"version-history":[{"count":1,"href":"https:\/\/canal7slp.tv\/2026\/wp-json\/wp\/v2\/posts\/200180\/revisions"}],"predecessor-version":[{"id":200183,"href":"https:\/\/canal7slp.tv\/2026\/wp-json\/wp\/v2\/posts\/200180\/revisions\/200183"}],"wp:featuredmedia":[{"embeddable":true,"href":"https:\/\/canal7slp.tv\/2026\/wp-json\/wp\/v2\/media\/200182"}],"wp:attachment":[{"href":"https:\/\/canal7slp.tv\/2026\/wp-json\/wp\/v2\/media?parent=200180"}],"wp:term":[{"taxonomy":"category","embeddable":true,"href":"https:\/\/canal7slp.tv\/2026\/wp-json\/wp\/v2\/categories?post=200180"},{"taxonomy":"post_tag","embeddable":true,"href":"https:\/\/canal7slp.tv\/2026\/wp-json\/wp\/v2\/tags?post=200180"}],"curies":[{"name":"wp","href":"https:\/\/api.w.org\/{rel}","templated":true}]}}