{"id":200176,"date":"2026-04-29T15:24:19","date_gmt":"2026-04-29T21:24:19","guid":{"rendered":"https:\/\/canal7slp.tv\/2026\/?p=200176"},"modified":"2026-04-29T15:24:19","modified_gmt":"2026-04-29T21:24:19","slug":"eduardo-aguila-fue-convocado-a-la-seleccion-nacional-de-mexico","status":"publish","type":"post","link":"https:\/\/canal7slp.tv\/2026\/eduardo-aguila-fue-convocado-a-la-seleccion-nacional-de-mexico\/","title":{"rendered":"Eduardo \u00c1guila fue convocado a la Selecci\u00f3n Nacional de M\u00e9xico"},"content":{"rendered":"<p style=\"text-align: justify;\">SLP.- El jugador de Atl\u00e9tico de San Luis, Eduardo \u00c1guila fue convocado a la Selecci\u00f3n Nacional de M\u00e9xico para formar parte de la concentraci\u00f3n que iniciar\u00e1 el pr\u00f3ximo 6 de mayo, como parte del plan de trabajo rumbo a la Copa del Mundo de la FIFA 2026.<\/p>\n<p style=\"text-align: justify;\">Durante el torneo Clausura 2026, \u00c1guila se consolid\u00f3 como una pieza clave en la zaga potosina, sumando 1,124 minutos disputados y 14 encuentros como titular, destacando por su determinaci\u00f3n, solidez defensiva y constancia a lo largo del campeonato.<\/p>\n<p style=\"text-align: justify;\">La convocatoria fue dada a conocer por el director t\u00e9cnico de la Selecci\u00f3n Nacional, Javier Aguirre, e incluye a 12 jugadores de clubes de la LIGA MX que est\u00e1n contemplados para integrar la lista definitiva mundialista. Este grupo trabajar\u00e1 durante un periodo de cinco semanas y media, mientras que los futbolistas que militan en el extranjero se incorporar\u00e1n posteriormente, conforme a la reglamentaci\u00f3n de la FIFA.<\/p>\n<p style=\"text-align: justify;\">Asimismo, esta concentraci\u00f3n contempla a jugadores que se mantienen en seguimiento de cara al siguiente ciclo mundialista, con el objetivo de fortalecer la base del equipo nacional rumbo a sus pr\u00f3ximos compromisos de preparaci\u00f3n.<\/p>\n","protected":false},"excerpt":{"rendered":"<p>SLP.- El jugador de Atl\u00e9tico de San Luis, Eduardo \u00c1guila fue convocado a la Selecci\u00f3n Nacional de M\u00e9xico para formar parte de la concentraci\u00f3n que iniciar\u00e1 el pr\u00f3ximo 6 de mayo, como parte del plan de trabajo rumbo a la Copa del Mundo de la FIFA 2026. Durante el torneo Clausura 2026, \u00c1guila se consolid\u00f3 como una pieza clave en la zaga potosina, sumando 1,124 minutos disputados y 14 encuentros como titular, destacando por su determinaci\u00f3n, solidez defensiva y constancia a lo largo del campeonato. La convocatoria fue dada a conocer por el director t\u00e9cnico de la Selecci\u00f3n Nacional, Javier [&hellip;]<\/p>\n","protected":false},"author":2,"featured_media":200178,"comment_status":"closed","ping_status":"closed","sticky":false,"template":"","format":"video","meta":{"_monsterinsights_skip_tracking":false,"_monsterinsights_sitenote_active":false,"_monsterinsights_sitenote_note":"","_monsterinsights_sitenote_category":0,"footnotes":""},"categories":[7,5],"tags":[],"class_list":["post-200176","post","type-post","status-publish","format-video","has-post-thumbnail","hentry","category-deportes","category-destacadas","post_format-post-format-video","post--single"],"_links":{"self":[{"href":"https:\/\/canal7slp.tv\/2026\/wp-json\/wp\/v2\/posts\/200176","targetHints":{"allow":["GET"]}}],"collection":[{"href":"https:\/\/canal7slp.tv\/2026\/wp-json\/wp\/v2\/posts"}],"about":[{"href":"https:\/\/canal7slp.tv\/2026\/wp-json\/wp\/v2\/types\/post"}],"author":[{"embeddable":true,"href":"https:\/\/canal7slp.tv\/2026\/wp-json\/wp\/v2\/users\/2"}],"replies":[{"embeddable":true,"href":"https:\/\/canal7slp.tv\/2026\/wp-json\/wp\/v2\/comments?post=200176"}],"version-history":[{"count":1,"href":"https:\/\/canal7slp.tv\/2026\/wp-json\/wp\/v2\/posts\/200176\/revisions"}],"predecessor-version":[{"id":200179,"href":"https:\/\/canal7slp.tv\/2026\/wp-json\/wp\/v2\/posts\/200176\/revisions\/200179"}],"wp:featuredmedia":[{"embeddable":true,"href":"https:\/\/canal7slp.tv\/2026\/wp-json\/wp\/v2\/media\/200178"}],"wp:attachment":[{"href":"https:\/\/canal7slp.tv\/2026\/wp-json\/wp\/v2\/media?parent=200176"}],"wp:term":[{"taxonomy":"category","embeddable":true,"href":"https:\/\/canal7slp.tv\/2026\/wp-json\/wp\/v2\/categories?post=200176"},{"taxonomy":"post_tag","embeddable":true,"href":"https:\/\/canal7slp.tv\/2026\/wp-json\/wp\/v2\/tags?post=200176"}],"curies":[{"name":"wp","href":"https:\/\/api.w.org\/{rel}","templated":true}]}}