{"id":200172,"date":"2026-04-29T15:17:10","date_gmt":"2026-04-29T21:17:10","guid":{"rendered":"https:\/\/canal7slp.tv\/2026\/?p=200172"},"modified":"2026-04-29T15:17:10","modified_gmt":"2026-04-29T21:17:10","slug":"con-buenos-resultados-el-ciclismo-en-la-olimpiada-nacional","status":"publish","type":"post","link":"https:\/\/canal7slp.tv\/2026\/con-buenos-resultados-el-ciclismo-en-la-olimpiada-nacional\/","title":{"rendered":"Con buenos resultados el Ciclismo en la Olimpiada Nacional"},"content":{"rendered":"<p style=\"text-align: justify;\">SLP.- Una presea m\u00e1s se a\u00f1adi\u00f3 en la disciplina de ciclismo gracias al esfuerzo del equipo potosino formado por Milton Carlos S\u00e1nchez Sandoval, Jonathan Yahir Hern\u00e1ndez y Jaime Insa Fern\u00e1ndez de la categor\u00eda Junior.<\/p>\n<p style=\"text-align: justify;\">La prueba en la que se conquist\u00f3 la presea de tercer lugar nacional fue la extenuante carrera de 100 kil\u00f3metros celebrada en el perif\u00e9rico de Jocotepec, Jalisco.<\/p>\n<p style=\"text-align: justify;\">Con esta prueba culmin\u00f3 el ciclismo de ruta en la Olimpiada, que le produjo a San Luis Potos\u00ed dos medallas de plata y dos de bronce.<\/p>\n<p style=\"text-align: justify;\">Recordando que Jimena M\u00e9ndez gan\u00f3 plata en 50 kil\u00f3metros en la categor\u00eda Cadete; el equipo varonil Pre Cadete obtuvo plata en la carrera de 60 kil\u00f3metros y el equipo Femenil Cadete se adjudic\u00f3 el bronce en la Combatividad luego de recorrer 50 kil\u00f3metros.<\/p>\n","protected":false},"excerpt":{"rendered":"<p>SLP.- Una presea m\u00e1s se a\u00f1adi\u00f3 en la disciplina de ciclismo gracias al esfuerzo del equipo potosino formado por Milton Carlos S\u00e1nchez Sandoval, Jonathan Yahir Hern\u00e1ndez y Jaime Insa Fern\u00e1ndez de la categor\u00eda Junior. La prueba en la que se conquist\u00f3 la presea de tercer lugar nacional fue la extenuante carrera de 100 kil\u00f3metros celebrada en el perif\u00e9rico de Jocotepec, Jalisco. Con esta prueba culmin\u00f3 el ciclismo de ruta en la Olimpiada, que le produjo a San Luis Potos\u00ed dos medallas de plata y dos de bronce. Recordando que Jimena M\u00e9ndez gan\u00f3 plata en 50 kil\u00f3metros en la categor\u00eda Cadete; [&hellip;]<\/p>\n","protected":false},"author":2,"featured_media":200174,"comment_status":"closed","ping_status":"closed","sticky":false,"template":"","format":"video","meta":{"_monsterinsights_skip_tracking":false,"_monsterinsights_sitenote_active":false,"_monsterinsights_sitenote_note":"","_monsterinsights_sitenote_category":0,"footnotes":""},"categories":[7,5],"tags":[],"class_list":["post-200172","post","type-post","status-publish","format-video","has-post-thumbnail","hentry","category-deportes","category-destacadas","post_format-post-format-video","post--single"],"_links":{"self":[{"href":"https:\/\/canal7slp.tv\/2026\/wp-json\/wp\/v2\/posts\/200172","targetHints":{"allow":["GET"]}}],"collection":[{"href":"https:\/\/canal7slp.tv\/2026\/wp-json\/wp\/v2\/posts"}],"about":[{"href":"https:\/\/canal7slp.tv\/2026\/wp-json\/wp\/v2\/types\/post"}],"author":[{"embeddable":true,"href":"https:\/\/canal7slp.tv\/2026\/wp-json\/wp\/v2\/users\/2"}],"replies":[{"embeddable":true,"href":"https:\/\/canal7slp.tv\/2026\/wp-json\/wp\/v2\/comments?post=200172"}],"version-history":[{"count":1,"href":"https:\/\/canal7slp.tv\/2026\/wp-json\/wp\/v2\/posts\/200172\/revisions"}],"predecessor-version":[{"id":200175,"href":"https:\/\/canal7slp.tv\/2026\/wp-json\/wp\/v2\/posts\/200172\/revisions\/200175"}],"wp:featuredmedia":[{"embeddable":true,"href":"https:\/\/canal7slp.tv\/2026\/wp-json\/wp\/v2\/media\/200174"}],"wp:attachment":[{"href":"https:\/\/canal7slp.tv\/2026\/wp-json\/wp\/v2\/media?parent=200172"}],"wp:term":[{"taxonomy":"category","embeddable":true,"href":"https:\/\/canal7slp.tv\/2026\/wp-json\/wp\/v2\/categories?post=200172"},{"taxonomy":"post_tag","embeddable":true,"href":"https:\/\/canal7slp.tv\/2026\/wp-json\/wp\/v2\/tags?post=200172"}],"curies":[{"name":"wp","href":"https:\/\/api.w.org\/{rel}","templated":true}]}}