{"id":200160,"date":"2026-04-29T14:05:04","date_gmt":"2026-04-29T20:05:04","guid":{"rendered":"https:\/\/canal7slp.tv\/2026\/?p=200160"},"modified":"2026-04-29T14:05:29","modified_gmt":"2026-04-29T20:05:29","slug":"ariadna-montiel-deja-la-secretaria-de-bienestar-para-buscar-la-presidencia-nacional-de-morena","status":"publish","type":"post","link":"https:\/\/canal7slp.tv\/2026\/ariadna-montiel-deja-la-secretaria-de-bienestar-para-buscar-la-presidencia-nacional-de-morena\/","title":{"rendered":"Ariadna Montiel deja la Secretar\u00eda de Bienestar para buscar la presidencia nacional de Morena"},"content":{"rendered":"<ul>\n<li>Leticia Ram\u00edrez Amaya asume la titularidad del dependencia.<\/li>\n<\/ul>\n<p style=\"text-align: justify;\">M\u00e9xico.- La presidenta de M\u00e9xico, Claudia Sheinbaum, anunci\u00f3 a trav\u00e9s de sus redes sociales la salida de Ariadna Montiel de la Secretar\u00eda de Bienestar, cargo que ser\u00e1 ocupado por Leticia Ram\u00edrez Amaya.<\/p>\n<p style=\"text-align: justify;\">La mandataria explic\u00f3 que la decisi\u00f3n de Montiel fue voluntaria, ya que busca \u201cavanzar en otras tareas del movimiento\u201d, en alusi\u00f3n a su intenci\u00f3n de contender por la presidencia nacional de Morena, cuya definici\u00f3n tendr\u00e1 lugar durante el Octavo Congreso Nacional del partido el pr\u00f3ximo 3 de mayo.<\/p>\n<p style=\"text-align: justify;\">En un video, Sheinbaum reconoci\u00f3 la labor de Montiel al frente de la dependencia, encargada de programas sociales clave como la pensi\u00f3n para adultos mayores. Asimismo, reiter\u00f3 el compromiso del Gobierno de M\u00e9xico con la continuidad de estos apoyos, al subrayar que se trata de derechos constitucionales que no pueden ser eliminados.<\/p>\n<p style=\"text-align: justify;\">Por su parte, Montiel confirm\u00f3 su aspiraci\u00f3n a dirigir Morena y asegur\u00f3 que su decisi\u00f3n est\u00e1 guiada por los principios del humanismo mexicano, as\u00ed como por la necesidad de dar continuidad al proceso de transformaci\u00f3n del pa\u00eds.<\/p>\n<p style=\"text-align: justify;\">En tanto, Ram\u00edrez Amaya, profesora con m\u00e1s de 25 a\u00f1os de experiencia en la administraci\u00f3n p\u00fablica, ha desempe\u00f1ado diversos cargos, entre ellos directora general de Atenci\u00f3n Ciudadana y titular de la Secretar\u00eda de Educaci\u00f3n P\u00fablica.<\/p>\n","protected":false},"excerpt":{"rendered":"<p>Leticia Ram\u00edrez Amaya asume la titularidad del dependencia. M\u00e9xico.- La presidenta de M\u00e9xico, Claudia Sheinbaum, anunci\u00f3 a trav\u00e9s de sus redes sociales la salida de Ariadna Montiel de la Secretar\u00eda de Bienestar, cargo que ser\u00e1 ocupado por Leticia Ram\u00edrez Amaya. La mandataria explic\u00f3 que la decisi\u00f3n de Montiel fue voluntaria, ya que busca \u201cavanzar en otras tareas del movimiento\u201d, en alusi\u00f3n a su intenci\u00f3n de contender por la presidencia nacional de Morena, cuya definici\u00f3n tendr\u00e1 lugar durante el Octavo Congreso Nacional del partido el pr\u00f3ximo 3 de mayo. En un video, Sheinbaum reconoci\u00f3 la labor de Montiel al frente de [&hellip;]<\/p>\n","protected":false},"author":2,"featured_media":200161,"comment_status":"closed","ping_status":"closed","sticky":false,"template":"","format":"standard","meta":{"_monsterinsights_skip_tracking":false,"_monsterinsights_sitenote_active":false,"_monsterinsights_sitenote_note":"","_monsterinsights_sitenote_category":0,"footnotes":""},"categories":[46],"tags":[],"class_list":["post-200160","post","type-post","status-publish","format-standard","has-post-thumbnail","hentry","category-nacional","post--single"],"_links":{"self":[{"href":"https:\/\/canal7slp.tv\/2026\/wp-json\/wp\/v2\/posts\/200160","targetHints":{"allow":["GET"]}}],"collection":[{"href":"https:\/\/canal7slp.tv\/2026\/wp-json\/wp\/v2\/posts"}],"about":[{"href":"https:\/\/canal7slp.tv\/2026\/wp-json\/wp\/v2\/types\/post"}],"author":[{"embeddable":true,"href":"https:\/\/canal7slp.tv\/2026\/wp-json\/wp\/v2\/users\/2"}],"replies":[{"embeddable":true,"href":"https:\/\/canal7slp.tv\/2026\/wp-json\/wp\/v2\/comments?post=200160"}],"version-history":[{"count":3,"href":"https:\/\/canal7slp.tv\/2026\/wp-json\/wp\/v2\/posts\/200160\/revisions"}],"predecessor-version":[{"id":200164,"href":"https:\/\/canal7slp.tv\/2026\/wp-json\/wp\/v2\/posts\/200160\/revisions\/200164"}],"wp:featuredmedia":[{"embeddable":true,"href":"https:\/\/canal7slp.tv\/2026\/wp-json\/wp\/v2\/media\/200161"}],"wp:attachment":[{"href":"https:\/\/canal7slp.tv\/2026\/wp-json\/wp\/v2\/media?parent=200160"}],"wp:term":[{"taxonomy":"category","embeddable":true,"href":"https:\/\/canal7slp.tv\/2026\/wp-json\/wp\/v2\/categories?post=200160"},{"taxonomy":"post_tag","embeddable":true,"href":"https:\/\/canal7slp.tv\/2026\/wp-json\/wp\/v2\/tags?post=200160"}],"curies":[{"name":"wp","href":"https:\/\/api.w.org\/{rel}","templated":true}]}}