{"id":200093,"date":"2026-04-28T18:32:12","date_gmt":"2026-04-29T00:32:12","guid":{"rendered":"https:\/\/canal7slp.tv\/2026\/?p=200093"},"modified":"2026-04-28T18:32:12","modified_gmt":"2026-04-29T00:32:12","slug":"refuerzan-campana-preventiva-en-planteles-educativos-de-soledad-ante-retos-virales","status":"publish","type":"post","link":"https:\/\/canal7slp.tv\/2026\/refuerzan-campana-preventiva-en-planteles-educativos-de-soledad-ante-retos-virales\/","title":{"rendered":"Refuerzan campa\u00f1a preventiva en planteles educativos de Soledad ante retos virales"},"content":{"rendered":"<p style=\"text-align: justify;\"><span style=\"font-size: 1.21429rem;\">SGS.- Luego de que en el Cbtis 121 se presentara un caso de reto viral y que fue contenido sin mayores complicaciones la directora de Educaci\u00f3n y Acci\u00f3n C\u00edvica del municipio de Soledad, Velia Castro Granja, afirm\u00f3 que se reforzar\u00e1n las jornadas de prevenci\u00f3n y concientizaci\u00f3n entre alumnos y padres de familia.<\/span><\/p>\n<p style=\"text-align: justify;\">La funcionaria municipal coment\u00f3 que ser\u00e1 un trabajo interinstitucional para llevar a cabo pl\u00e1ticas preventivas sobre el uso responsable de redes sociales, identificaci\u00f3n de contenidos falsos y las consecuencias legales de difundir mensajes falsos que generen alarma.<\/p>\n<p style=\"text-align: justify;\">Asimismo, la directora de educaci\u00f3n hizo \u00e9nfasis en que parte fundamental en esta tarea es la participaci\u00f3n de los padres de familia, y que revisen contenidos y acompa\u00f1en a sus hijos en el uso de dispositivos y lo que cargan en sus mochilas.<\/p>\n<p>Por: Claudio Ibarra<\/p>\n","protected":false},"excerpt":{"rendered":"<p>SGS.- Luego de que en el Cbtis 121 se presentara un caso de reto viral y que fue contenido sin mayores complicaciones la directora de Educaci\u00f3n y Acci\u00f3n C\u00edvica del municipio de Soledad, Velia Castro Granja, afirm\u00f3 que se reforzar\u00e1n las jornadas de prevenci\u00f3n y concientizaci\u00f3n entre alumnos y padres de familia. La funcionaria municipal coment\u00f3 que ser\u00e1 un trabajo interinstitucional para llevar a cabo pl\u00e1ticas preventivas sobre el uso responsable de redes sociales, identificaci\u00f3n de contenidos falsos y las consecuencias legales de difundir mensajes falsos que generen alarma. Asimismo, la directora de educaci\u00f3n hizo \u00e9nfasis en que parte fundamental [&hellip;]<\/p>\n","protected":false},"author":2,"featured_media":200120,"comment_status":"closed","ping_status":"closed","sticky":false,"template":"","format":"video","meta":{"_monsterinsights_skip_tracking":false,"_monsterinsights_sitenote_active":false,"_monsterinsights_sitenote_note":"","_monsterinsights_sitenote_category":0,"footnotes":""},"categories":[5,45],"tags":[],"class_list":["post-200093","post","type-post","status-publish","format-video","has-post-thumbnail","hentry","category-destacadas","category-localesyregionales","post_format-post-format-video","post--single"],"_links":{"self":[{"href":"https:\/\/canal7slp.tv\/2026\/wp-json\/wp\/v2\/posts\/200093","targetHints":{"allow":["GET"]}}],"collection":[{"href":"https:\/\/canal7slp.tv\/2026\/wp-json\/wp\/v2\/posts"}],"about":[{"href":"https:\/\/canal7slp.tv\/2026\/wp-json\/wp\/v2\/types\/post"}],"author":[{"embeddable":true,"href":"https:\/\/canal7slp.tv\/2026\/wp-json\/wp\/v2\/users\/2"}],"replies":[{"embeddable":true,"href":"https:\/\/canal7slp.tv\/2026\/wp-json\/wp\/v2\/comments?post=200093"}],"version-history":[{"count":3,"href":"https:\/\/canal7slp.tv\/2026\/wp-json\/wp\/v2\/posts\/200093\/revisions"}],"predecessor-version":[{"id":200121,"href":"https:\/\/canal7slp.tv\/2026\/wp-json\/wp\/v2\/posts\/200093\/revisions\/200121"}],"wp:featuredmedia":[{"embeddable":true,"href":"https:\/\/canal7slp.tv\/2026\/wp-json\/wp\/v2\/media\/200120"}],"wp:attachment":[{"href":"https:\/\/canal7slp.tv\/2026\/wp-json\/wp\/v2\/media?parent=200093"}],"wp:term":[{"taxonomy":"category","embeddable":true,"href":"https:\/\/canal7slp.tv\/2026\/wp-json\/wp\/v2\/categories?post=200093"},{"taxonomy":"post_tag","embeddable":true,"href":"https:\/\/canal7slp.tv\/2026\/wp-json\/wp\/v2\/tags?post=200093"}],"curies":[{"name":"wp","href":"https:\/\/api.w.org\/{rel}","templated":true}]}}