{"id":200084,"date":"2026-04-28T17:38:22","date_gmt":"2026-04-28T23:38:22","guid":{"rendered":"https:\/\/canal7slp.tv\/2026\/?p=200084"},"modified":"2026-04-28T17:39:30","modified_gmt":"2026-04-28T23:39:30","slug":"clausura-preventiva-para-resarcimiento-del-dano-generado-por-incendio-aplican-en-vidriera-del-eje-132","status":"publish","type":"post","link":"https:\/\/canal7slp.tv\/2026\/clausura-preventiva-para-resarcimiento-del-dano-generado-por-incendio-aplican-en-vidriera-del-eje-132\/","title":{"rendered":"Clausura preventiva para resarcimiento del da\u00f1o generado por incendio, aplican en vidriera del Eje 132"},"content":{"rendered":"<ul>\n<li style=\"text-align: justify;\">Sanci\u00f3n podr\u00eda alcanzar 50 mil UMAS.<\/li>\n<\/ul>\n<p style=\"text-align: justify;\">SLP.-\u00a0En fechas recientes un incendio de grandes proporciones se registr\u00f3 en una empresa dedicada a la producci\u00f3n de vidrio en el Eje 132 de la Zona Industrial, al respecto habl\u00f3 la titular de la Secretar\u00eda de Ecolog\u00eda y Gesti\u00f3n Ambiental, Sonia Mendoza D\u00edaz.<\/p>\n<p style=\"text-align: justify;\">\u201cUna vez que nosotros nos constituimos a esta empresa, nos dimos cuenta que presentaba much\u00edsima tarima en sus patios que tienen ah\u00ed de resguardo, much\u00edsimas tarimas de pl\u00e1stico, de madera, tambi\u00e9n residuos s\u00f3lidos urbanos como pl\u00e1sticos, y bueno, que eso permiti\u00f3 que fuera una combusti\u00f3n muy fuerte y que se generara ese tipo de incendio\u201d.<\/p>\n<p style=\"text-align: justify;\">La empresa fue clausurada de manera preventiva.<\/p>\n<p style=\"text-align: justify;\">\u201cNosotros clausuramos de manera preventiva tambi\u00e9n para que se encargue de resarcir todos los da\u00f1os ambientales que se causaron (\u2026) y lo que nosotros estamos imponiendo es una medida de seguridad con suspensi\u00f3n temporal parcial hasta que esta empresa vuelvo a insistir, repare el da\u00f1o, haga una campa\u00f1a de reforestaci\u00f3n y saneamiento del sitio afectado\u201d.<\/p>\n<p style=\"text-align: justify;\">Inclusive podr\u00edan existir multas econ\u00f3micas.<\/p>\n<p style=\"text-align: justify;\">\u201cEsto se fija hasta el final del procedimiento (\u2026) buenos, es que puede ser hasta 50 mil UMAs, entonces s\u00ed son cantidades altas siempre y cuando se puede cotizar el da\u00f1o ambiental y tambi\u00e9n las pruebas que se presenten en el juicio\u201d.<\/p>\n<p style=\"text-align: justify;\">Durante el siniestro, una columna de humo negro se vio en la zona metropolitana, sin embargo, el da\u00f1o ambiental no ser\u00eda tan profundo, toda vez que se actu\u00f3 en tiempo y forma.<\/p>\n<p style=\"text-align: justify;\">\u201cSe dispers\u00f3 porque el tema del incendio fue muy r\u00e1pidamente controlado, el incendio seg\u00fan la empresa empez\u00f3 a las 3:25, 3:20 por ah\u00ed, a las casi las 17:30 horas ya estaba controlado por bomberos\u201d.<\/p>\n<p>Por: Juan Carlos Contreras<\/p>\n","protected":false},"excerpt":{"rendered":"<p>Sanci\u00f3n podr\u00eda alcanzar 50 mil UMAS. SLP.-\u00a0En fechas recientes un incendio de grandes proporciones se registr\u00f3 en una empresa dedicada a la producci\u00f3n de vidrio en el Eje 132 de la Zona Industrial, al respecto habl\u00f3 la titular de la Secretar\u00eda de Ecolog\u00eda y Gesti\u00f3n Ambiental, Sonia Mendoza D\u00edaz. \u201cUna vez que nosotros nos constituimos a esta empresa, nos dimos cuenta que presentaba much\u00edsima tarima en sus patios que tienen ah\u00ed de resguardo, much\u00edsimas tarimas de pl\u00e1stico, de madera, tambi\u00e9n residuos s\u00f3lidos urbanos como pl\u00e1sticos, y bueno, que eso permiti\u00f3 que fuera una combusti\u00f3n muy fuerte y que se generara [&hellip;]<\/p>\n","protected":false},"author":2,"featured_media":200110,"comment_status":"closed","ping_status":"closed","sticky":false,"template":"","format":"video","meta":{"_monsterinsights_skip_tracking":false,"_monsterinsights_sitenote_active":false,"_monsterinsights_sitenote_note":"","_monsterinsights_sitenote_category":0,"footnotes":""},"categories":[5,510,45],"tags":[],"class_list":["post-200084","post","type-post","status-publish","format-video","has-post-thumbnail","hentry","category-destacadas","category-gobedoslp","category-localesyregionales","post_format-post-format-video","post--single"],"_links":{"self":[{"href":"https:\/\/canal7slp.tv\/2026\/wp-json\/wp\/v2\/posts\/200084","targetHints":{"allow":["GET"]}}],"collection":[{"href":"https:\/\/canal7slp.tv\/2026\/wp-json\/wp\/v2\/posts"}],"about":[{"href":"https:\/\/canal7slp.tv\/2026\/wp-json\/wp\/v2\/types\/post"}],"author":[{"embeddable":true,"href":"https:\/\/canal7slp.tv\/2026\/wp-json\/wp\/v2\/users\/2"}],"replies":[{"embeddable":true,"href":"https:\/\/canal7slp.tv\/2026\/wp-json\/wp\/v2\/comments?post=200084"}],"version-history":[{"count":3,"href":"https:\/\/canal7slp.tv\/2026\/wp-json\/wp\/v2\/posts\/200084\/revisions"}],"predecessor-version":[{"id":200111,"href":"https:\/\/canal7slp.tv\/2026\/wp-json\/wp\/v2\/posts\/200084\/revisions\/200111"}],"wp:featuredmedia":[{"embeddable":true,"href":"https:\/\/canal7slp.tv\/2026\/wp-json\/wp\/v2\/media\/200110"}],"wp:attachment":[{"href":"https:\/\/canal7slp.tv\/2026\/wp-json\/wp\/v2\/media?parent=200084"}],"wp:term":[{"taxonomy":"category","embeddable":true,"href":"https:\/\/canal7slp.tv\/2026\/wp-json\/wp\/v2\/categories?post=200084"},{"taxonomy":"post_tag","embeddable":true,"href":"https:\/\/canal7slp.tv\/2026\/wp-json\/wp\/v2\/tags?post=200084"}],"curies":[{"name":"wp","href":"https:\/\/api.w.org\/{rel}","templated":true}]}}