{"id":200081,"date":"2026-04-28T17:35:40","date_gmt":"2026-04-28T23:35:40","guid":{"rendered":"https:\/\/canal7slp.tv\/2026\/?p=200081"},"modified":"2026-04-28T17:35:40","modified_gmt":"2026-04-28T23:35:40","slug":"mediante-la-actuacion-el-companerismo-y-el-arte-escenico-personas-con-discapacidad-se-integran-y-rompen-las-barrera-impuestas-por-la-sociedad","status":"publish","type":"post","link":"https:\/\/canal7slp.tv\/2026\/mediante-la-actuacion-el-companerismo-y-el-arte-escenico-personas-con-discapacidad-se-integran-y-rompen-las-barrera-impuestas-por-la-sociedad\/","title":{"rendered":"Mediante la actuaci\u00f3n, el compa\u00f1erismo y el arte esc\u00e9nico, personas con discapacidad se integran y rompen las barrera impuestas por la sociedad"},"content":{"rendered":"<p style=\"text-align: justify;\"><span style=\"font-size: 1.21429rem;\">SLP.- \u201cTodav\u00eda nos falta mucha cultura, hay bastante discriminaci\u00f3n\u201d<\/span><\/p>\n<p style=\"text-align: justify;\">\u201cEs un reto gigantesco, pero preferimos enfrentamos a esos retos y mantener a toda la comunidad unida\u201d<\/p>\n<p style=\"text-align: justify;\">\u201cNos dejan ser nosotros mismos, sin que nos pongan barreras, sin que nos limiten\u201d<\/p>\n<p style=\"text-align: justify;\">Seres Arte Inclusivo, es una compa\u00f1\u00eda de danza y teatro, en donde los alumnos son personas con discapacidad.<\/p>\n<p style=\"text-align: justify;\">\u201cLas personas con discapacidad tienen mucho potencial creativo, tienen una perspectiva del mundo muy \u00fanica\u201d.<\/p>\n<p style=\"text-align: justify;\">En 2021, la UNESCO y la ciudad, generaron una Carta por los Derechos Culturales, de donde se tom\u00f3 impulso y se logr\u00f3 conformar el grupo.<\/p>\n<p style=\"text-align: justify;\">\u201cNo hab\u00eda una propuesta que naciera de artistas para lograr este derecho cultural y entonces decidimos hacerlo\u201d.<\/p>\n<p style=\"text-align: justify;\">Seres cuenta con aproximadamente 20 alumnos, que se instruyen en expresi\u00f3n corporal; tienen condiciones visuales, auditivas, psicosociales, motrices e intelectuales.<\/p>\n<p style=\"text-align: justify;\">\u201cLa gente que llega aqu\u00ed, es porque las mam\u00e1s tambi\u00e9n platican y se ven en la nataci\u00f3n y se ven en la escuela y se dicen, tal vez te gustar\u00eda venir a Seres\u201d.<\/p>\n<p style=\"text-align: justify;\">\u201cEst\u00e1bamos casados con el ni\u00f1o que no puede, el ni\u00f1o que no entra aqu\u00ed y ahora es el pues s\u00ed puede y s\u00ed lo va a hacer y es la parte del s\u00ed\u201d.<\/p>\n<p style=\"text-align: justify;\">El entorno es la parte m\u00e1s complicada para las familias.<\/p>\n<p style=\"text-align: justify;\">\u201cSe navega con bandera de inclusi\u00f3n y la verdad que no es cierto, o sea es de, la inclusi\u00f3n, apapachar y lejos de incluir es como solapar y tengo un chico con discapacidad o con alguna afecci\u00f3n y no es as\u00ed, el incluir es ya est\u00e1s aqu\u00ed y jala con nosotros con lo que puedes\u201d.<\/p>\n<p style=\"text-align: justify;\">Ser parte de puestas en escena no es sencillo, pero lo actores sacan fuerza del colectivo para ofrecer su mejor performance.<\/p>\n<p style=\"text-align: justify;\">\u201cMe pongo muy nervioso pero como me cuida mucho la maestra y me dice c\u00f3mo actuar, entonces como que se me hace divertido y es algo nuevo que voy a prendiendo cada vez y es algo muy gracioso porque hasta yo me r\u00edo de mis propios errores\u201d.<\/p>\n<p style=\"text-align: justify;\">En este punto el arte, la actuaci\u00f3n y la amistad florecieron.<\/p>\n<p style=\"text-align: justify;\">\u201cEs la amistad y el amor que nos tenemos nosotros mismos y que queremos avanzar cada vez m\u00e1s y que queremos crecer, queremos lograr algo nuevo\u201d.<\/p>\n<p style=\"text-align: justify;\">\u201cLa inclusi\u00f3n verdadera, el arte la puede facilitar, pero la inclusi\u00f3n de verdad es hablar con la persona con discapacidad que tienes cerca sin prejuicios\u201d.<\/p>\n<p style=\"text-align: justify;\">\u201cQue sea una empat\u00eda verdadera y un respeto total (\u2026) tampoco se pide que los tengas en una charola y todo para ellos, pero al final del d\u00eda con que los dejes ser\u201d.<\/p>\n<p style=\"text-align: justify;\">\u201cToda la gente que tiene problemas de discapacidad y que est\u00e1 por aprender, que nunca es tarde, que se puede aprender (\u2026) y que nunca se rindan, que cumplan sus sue\u00f1os y que brillen como siempre\u201d.<\/p>\n<p>Por: Juan Carlos Contreras<\/p>\n","protected":false},"excerpt":{"rendered":"<p>SLP.- \u201cTodav\u00eda nos falta mucha cultura, hay bastante discriminaci\u00f3n\u201d \u201cEs un reto gigantesco, pero preferimos enfrentamos a esos retos y mantener a toda la comunidad unida\u201d \u201cNos dejan ser nosotros mismos, sin que nos pongan barreras, sin que nos limiten\u201d Seres Arte Inclusivo, es una compa\u00f1\u00eda de danza y teatro, en donde los alumnos son personas con discapacidad. \u201cLas personas con discapacidad tienen mucho potencial creativo, tienen una perspectiva del mundo muy \u00fanica\u201d. En 2021, la UNESCO y la ciudad, generaron una Carta por los Derechos Culturales, de donde se tom\u00f3 impulso y se logr\u00f3 conformar el grupo. \u201cNo hab\u00eda [&hellip;]<\/p>\n","protected":false},"author":2,"featured_media":200106,"comment_status":"closed","ping_status":"closed","sticky":false,"template":"","format":"video","meta":{"_monsterinsights_skip_tracking":false,"_monsterinsights_sitenote_active":false,"_monsterinsights_sitenote_note":"","_monsterinsights_sitenote_category":0,"footnotes":""},"categories":[5,45],"tags":[],"class_list":["post-200081","post","type-post","status-publish","format-video","has-post-thumbnail","hentry","category-destacadas","category-localesyregionales","post_format-post-format-video","post--single"],"_links":{"self":[{"href":"https:\/\/canal7slp.tv\/2026\/wp-json\/wp\/v2\/posts\/200081","targetHints":{"allow":["GET"]}}],"collection":[{"href":"https:\/\/canal7slp.tv\/2026\/wp-json\/wp\/v2\/posts"}],"about":[{"href":"https:\/\/canal7slp.tv\/2026\/wp-json\/wp\/v2\/types\/post"}],"author":[{"embeddable":true,"href":"https:\/\/canal7slp.tv\/2026\/wp-json\/wp\/v2\/users\/2"}],"replies":[{"embeddable":true,"href":"https:\/\/canal7slp.tv\/2026\/wp-json\/wp\/v2\/comments?post=200081"}],"version-history":[{"count":4,"href":"https:\/\/canal7slp.tv\/2026\/wp-json\/wp\/v2\/posts\/200081\/revisions"}],"predecessor-version":[{"id":200108,"href":"https:\/\/canal7slp.tv\/2026\/wp-json\/wp\/v2\/posts\/200081\/revisions\/200108"}],"wp:featuredmedia":[{"embeddable":true,"href":"https:\/\/canal7slp.tv\/2026\/wp-json\/wp\/v2\/media\/200106"}],"wp:attachment":[{"href":"https:\/\/canal7slp.tv\/2026\/wp-json\/wp\/v2\/media?parent=200081"}],"wp:term":[{"taxonomy":"category","embeddable":true,"href":"https:\/\/canal7slp.tv\/2026\/wp-json\/wp\/v2\/categories?post=200081"},{"taxonomy":"post_tag","embeddable":true,"href":"https:\/\/canal7slp.tv\/2026\/wp-json\/wp\/v2\/tags?post=200081"}],"curies":[{"name":"wp","href":"https:\/\/api.w.org\/{rel}","templated":true}]}}