{"id":200072,"date":"2026-04-28T16:34:25","date_gmt":"2026-04-28T22:34:25","guid":{"rendered":"https:\/\/canal7slp.tv\/2026\/?p=200072"},"modified":"2026-04-28T16:34:25","modified_gmt":"2026-04-28T22:34:25","slug":"cnte-alista-paro-nacional-rumbo-al-mundial-2026","status":"publish","type":"post","link":"https:\/\/canal7slp.tv\/2026\/cnte-alista-paro-nacional-rumbo-al-mundial-2026\/","title":{"rendered":"CNTE alista paro nacional rumbo al Mundial 2026"},"content":{"rendered":"<p style=\"text-align: justify;\">M\u00e9xico.- La Coordinadora Nacional de Trabajadores de la Educaci\u00f3n (CNTE) anunci\u00f3 que el pr\u00f3ximo 16 de mayo definir\u00e1 la fecha para un posible paro nacional, como parte de una nueva etapa de movilizaciones que tambi\u00e9n consideran el contexto del Mundial de F\u00fatbol 2026.<\/p>\n<p style=\"text-align: justify;\">Durante una conferencia de prensa, Pedro Hern\u00e1ndez, secretario general de la Secci\u00f3n 9 Democr\u00e1tica, aclar\u00f3 que el movimiento no se opone al deporte ni a la afici\u00f3n. Sin embargo, se\u00f1al\u00f3 su preocupaci\u00f3n por las condiciones sociales y econ\u00f3micas que rodean el evento, como el impacto en las comunidades locales y el alto costo de los boletos.<\/p>\n<p style=\"text-align: justify;\">El dirigente subray\u00f3 que la CNTE ha llevado a cabo diversas jornadas de protesta sin obtener respuestas satisfactorias por parte del Gobierno federal. En este sentido, explic\u00f3 que la decisi\u00f3n sobre el paro nacional se tomar\u00e1 mediante un proceso de consulta interna y ser\u00e1 en la Asamblea Nacional Representativa donde se definan tanto la fecha como la modalidad de la huelga.<\/p>\n<p style=\"text-align: justify;\">Entre las principales demandas del magisterio se encuentran la abrogaci\u00f3n de la Ley del ISSSTE de 2007, el retorno a un sistema solidario de pensiones, un aumento del 100% al salario base y la reinstalaci\u00f3n de docentes cesados.<\/p>\n<p style=\"text-align: justify;\">Asimismo, la CNTE enfatiz\u00f3 que su lucha no se limita al \u00e1mbito gremial, sino que tambi\u00e9n incluye demandas sociales m\u00e1s amplias, como el fortalecimiento de la educaci\u00f3n p\u00fablica y un mayor presupuesto para los sectores de salud y educaci\u00f3n.<\/p>\n<p style=\"text-align: justify;\">Los l\u00edderes del movimiento indicaron que la estrategia de movilizaci\u00f3n se implementar\u00e1 de forma escalonada y depender\u00e1 de la respuesta del Gobierno federal. Como parte de su plan de acci\u00f3n, se contempla la instalaci\u00f3n de un plant\u00f3n nacional, as\u00ed como movilizaciones en distintos estados, cuya definici\u00f3n se concretar\u00e1 en la Asamblea del 16 de mayo.<\/p>\n<p style=\"text-align: justify;\">Finalmente, la CNTE analiza la posible conformaci\u00f3n de un frente amplio con otros sectores sociales y sindicales, con el objetivo de fortalecer su agenda y ampliar su capacidad de presi\u00f3n.<\/p>\n","protected":false},"excerpt":{"rendered":"<p>M\u00e9xico.- La Coordinadora Nacional de Trabajadores de la Educaci\u00f3n (CNTE) anunci\u00f3 que el pr\u00f3ximo 16 de mayo definir\u00e1 la fecha para un posible paro nacional, como parte de una nueva etapa de movilizaciones que tambi\u00e9n consideran el contexto del Mundial de F\u00fatbol 2026. Durante una conferencia de prensa, Pedro Hern\u00e1ndez, secretario general de la Secci\u00f3n 9 Democr\u00e1tica, aclar\u00f3 que el movimiento no se opone al deporte ni a la afici\u00f3n. Sin embargo, se\u00f1al\u00f3 su preocupaci\u00f3n por las condiciones sociales y econ\u00f3micas que rodean el evento, como el impacto en las comunidades locales y el alto costo de los boletos. El [&hellip;]<\/p>\n","protected":false},"author":2,"featured_media":200073,"comment_status":"closed","ping_status":"closed","sticky":false,"template":"","format":"standard","meta":{"_monsterinsights_skip_tracking":false,"_monsterinsights_sitenote_active":false,"_monsterinsights_sitenote_note":"","_monsterinsights_sitenote_category":0,"footnotes":""},"categories":[7,46],"tags":[],"class_list":["post-200072","post","type-post","status-publish","format-standard","has-post-thumbnail","hentry","category-deportes","category-nacional","post--single"],"_links":{"self":[{"href":"https:\/\/canal7slp.tv\/2026\/wp-json\/wp\/v2\/posts\/200072","targetHints":{"allow":["GET"]}}],"collection":[{"href":"https:\/\/canal7slp.tv\/2026\/wp-json\/wp\/v2\/posts"}],"about":[{"href":"https:\/\/canal7slp.tv\/2026\/wp-json\/wp\/v2\/types\/post"}],"author":[{"embeddable":true,"href":"https:\/\/canal7slp.tv\/2026\/wp-json\/wp\/v2\/users\/2"}],"replies":[{"embeddable":true,"href":"https:\/\/canal7slp.tv\/2026\/wp-json\/wp\/v2\/comments?post=200072"}],"version-history":[{"count":1,"href":"https:\/\/canal7slp.tv\/2026\/wp-json\/wp\/v2\/posts\/200072\/revisions"}],"predecessor-version":[{"id":200074,"href":"https:\/\/canal7slp.tv\/2026\/wp-json\/wp\/v2\/posts\/200072\/revisions\/200074"}],"wp:featuredmedia":[{"embeddable":true,"href":"https:\/\/canal7slp.tv\/2026\/wp-json\/wp\/v2\/media\/200073"}],"wp:attachment":[{"href":"https:\/\/canal7slp.tv\/2026\/wp-json\/wp\/v2\/media?parent=200072"}],"wp:term":[{"taxonomy":"category","embeddable":true,"href":"https:\/\/canal7slp.tv\/2026\/wp-json\/wp\/v2\/categories?post=200072"},{"taxonomy":"post_tag","embeddable":true,"href":"https:\/\/canal7slp.tv\/2026\/wp-json\/wp\/v2\/tags?post=200072"}],"curies":[{"name":"wp","href":"https:\/\/api.w.org\/{rel}","templated":true}]}}