{"id":200050,"date":"2026-04-28T15:13:49","date_gmt":"2026-04-28T21:13:49","guid":{"rendered":"https:\/\/canal7slp.tv\/2026\/?p=200050"},"modified":"2026-04-28T15:13:49","modified_gmt":"2026-04-28T21:13:49","slug":"con-buena-actuacion-el-ciclismo-potosino-en-la-olimpiada-nacional","status":"publish","type":"post","link":"https:\/\/canal7slp.tv\/2026\/con-buena-actuacion-el-ciclismo-potosino-en-la-olimpiada-nacional\/","title":{"rendered":"Con buena actuaci\u00f3n el ciclismo potosino en la Olimpiada Nacional"},"content":{"rendered":"<p style=\"text-align: justify;\">SLP.-\u00a0En actividad de la Olimpiada Nacional, en ciclismo modalidad de Ruta San Luis Potos\u00ed obtuvo dos medallas de plata y una de bronce.<\/p>\n<p style=\"text-align: justify;\">En el Circuito de Jocotepec, Jalisco se desarroll\u00f3 la competencia en la que la potosina Jimena M\u00e9ndez S\u00e1nchez administr\u00f3 muy bien la carrera de 50 kil\u00f3metros, colocada siempre en el grupo l\u00edder y en la llegada con un sprint de pel\u00edcula con la representante de Tlaxcala, parando el cron\u00f3metro en una hora con 43 minutos y 58 segundos, un esfuerzo extenuante.<\/p>\n<p style=\"text-align: justify;\">La segunda medalla de plata para la Delegaci\u00f3n Potosina fue para el equipo varonil Pre Cadete en Combatividad en la prueba de 60 kil\u00f3metros, escuadr\u00f3n integrado por Daniel Prado Morales, Emmanuel Barrera S\u00e1nchez y Brayan Alejandro Ortiz Contreras.<\/p>\n<p style=\"text-align: justify;\">El bronce fue conquista del equipo femenil Cadete conformado por la propia Jimena M\u00e9ndez S\u00e1nchez adem\u00e1s de Georgina Guadalupe Posadas Gallegos y Margarita Gonz\u00e1lez P\u00e9rez en la carrera de 50 kil\u00f3metros.<\/p>\n","protected":false},"excerpt":{"rendered":"<p>SLP.-\u00a0En actividad de la Olimpiada Nacional, en ciclismo modalidad de Ruta San Luis Potos\u00ed obtuvo dos medallas de plata y una de bronce. En el Circuito de Jocotepec, Jalisco se desarroll\u00f3 la competencia en la que la potosina Jimena M\u00e9ndez S\u00e1nchez administr\u00f3 muy bien la carrera de 50 kil\u00f3metros, colocada siempre en el grupo l\u00edder y en la llegada con un sprint de pel\u00edcula con la representante de Tlaxcala, parando el cron\u00f3metro en una hora con 43 minutos y 58 segundos, un esfuerzo extenuante. La segunda medalla de plata para la Delegaci\u00f3n Potosina fue para el equipo varonil Pre Cadete [&hellip;]<\/p>\n","protected":false},"author":2,"featured_media":200052,"comment_status":"closed","ping_status":"closed","sticky":false,"template":"","format":"standard","meta":{"_monsterinsights_skip_tracking":false,"_monsterinsights_sitenote_active":false,"_monsterinsights_sitenote_note":"","_monsterinsights_sitenote_category":0,"footnotes":""},"categories":[7,5],"tags":[],"class_list":["post-200050","post","type-post","status-publish","format-standard","has-post-thumbnail","hentry","category-deportes","category-destacadas","post--single"],"_links":{"self":[{"href":"https:\/\/canal7slp.tv\/2026\/wp-json\/wp\/v2\/posts\/200050","targetHints":{"allow":["GET"]}}],"collection":[{"href":"https:\/\/canal7slp.tv\/2026\/wp-json\/wp\/v2\/posts"}],"about":[{"href":"https:\/\/canal7slp.tv\/2026\/wp-json\/wp\/v2\/types\/post"}],"author":[{"embeddable":true,"href":"https:\/\/canal7slp.tv\/2026\/wp-json\/wp\/v2\/users\/2"}],"replies":[{"embeddable":true,"href":"https:\/\/canal7slp.tv\/2026\/wp-json\/wp\/v2\/comments?post=200050"}],"version-history":[{"count":1,"href":"https:\/\/canal7slp.tv\/2026\/wp-json\/wp\/v2\/posts\/200050\/revisions"}],"predecessor-version":[{"id":200053,"href":"https:\/\/canal7slp.tv\/2026\/wp-json\/wp\/v2\/posts\/200050\/revisions\/200053"}],"wp:featuredmedia":[{"embeddable":true,"href":"https:\/\/canal7slp.tv\/2026\/wp-json\/wp\/v2\/media\/200052"}],"wp:attachment":[{"href":"https:\/\/canal7slp.tv\/2026\/wp-json\/wp\/v2\/media?parent=200050"}],"wp:term":[{"taxonomy":"category","embeddable":true,"href":"https:\/\/canal7slp.tv\/2026\/wp-json\/wp\/v2\/categories?post=200050"},{"taxonomy":"post_tag","embeddable":true,"href":"https:\/\/canal7slp.tv\/2026\/wp-json\/wp\/v2\/tags?post=200050"}],"curies":[{"name":"wp","href":"https:\/\/api.w.org\/{rel}","templated":true}]}}