{"id":200035,"date":"2026-04-28T13:24:07","date_gmt":"2026-04-28T19:24:07","guid":{"rendered":"https:\/\/canal7slp.tv\/2026\/?p=200035"},"modified":"2026-04-28T13:24:07","modified_gmt":"2026-04-28T19:24:07","slug":"hallan-sin-vida-al-ultimo-minero-atrapado-en-santa-fe-tras-33-dias-de-busqueda","status":"publish","type":"post","link":"https:\/\/canal7slp.tv\/2026\/hallan-sin-vida-al-ultimo-minero-atrapado-en-santa-fe-tras-33-dias-de-busqueda\/","title":{"rendered":"Hallan sin vida al \u00faltimo minero atrapado en Santa Fe tras 33 d\u00edas de b\u00fasqueda"},"content":{"rendered":"<p style=\"text-align: justify;\" data-start=\"157\" data-end=\"345\">M\u00e9xico.- Leandro Isidro Beltr\u00e1n Res\u00e9ndiz, el cuarto y \u00faltimo minero atrapado en la mina Santa Fe, fue localizado sin vida la madrugada del 27 de abril, tras 33 d\u00edas de intensas labores de b\u00fasqueda.<\/p>\n<p style=\"text-align: justify;\" data-start=\"347\" data-end=\"540\">El accidente ocurri\u00f3 el 25 de marzo, cuando colaps\u00f3 una presa de jales en el yacimiento. En el lugar se encontraban 25 trabajadores: 21 lograron escapar, mientras que cuatro quedaron atrapados.<\/p>\n<p style=\"text-align: justify;\" data-start=\"542\" data-end=\"913\">El hallazgo se registr\u00f3 a las 03:15 horas (tiempo del centro) y fue resultado de un operativo conjunto en el que participaron 389 elementos de diversas instituciones, entre ellas la Secretar\u00eda de la Defensa Nacional, la Secretar\u00eda de Marina, la Coordinaci\u00f3n Nacional de Protecci\u00f3n Civil y la Comisi\u00f3n Federal de Electricidad, as\u00ed como autoridades del Gobierno de Sinaloa.<\/p>\n<p style=\"text-align: justify;\" data-start=\"915\" data-end=\"1239\">Tras el descubrimiento, se notific\u00f3 a la Fiscal\u00eda General del Estado de Sinaloa para iniciar los protocolos correspondientes y los procedimientos legales. Los equipos especializados permanecen en el sitio a la espera de los peritos estatales, quienes llevar\u00e1n a cabo la recuperaci\u00f3n conforme a los lineamientos establecidos.<\/p>\n<p style=\"text-align: justify;\" data-start=\"1241\" data-end=\"1390\">El Gobierno de M\u00e9xico y las autoridades locales reiteraron su compromiso de brindar apoyo a la familia del trabajador fallecido durante este proceso.<\/p>\n","protected":false},"excerpt":{"rendered":"<p>M\u00e9xico.- Leandro Isidro Beltr\u00e1n Res\u00e9ndiz, el cuarto y \u00faltimo minero atrapado en la mina Santa Fe, fue localizado sin vida la madrugada del 27 de abril, tras 33 d\u00edas de intensas labores de b\u00fasqueda. El accidente ocurri\u00f3 el 25 de marzo, cuando colaps\u00f3 una presa de jales en el yacimiento. En el lugar se encontraban 25 trabajadores: 21 lograron escapar, mientras que cuatro quedaron atrapados. El hallazgo se registr\u00f3 a las 03:15 horas (tiempo del centro) y fue resultado de un operativo conjunto en el que participaron 389 elementos de diversas instituciones, entre ellas la Secretar\u00eda de la Defensa Nacional, [&hellip;]<\/p>\n","protected":false},"author":2,"featured_media":200036,"comment_status":"closed","ping_status":"closed","sticky":false,"template":"","format":"standard","meta":{"_monsterinsights_skip_tracking":false,"_monsterinsights_sitenote_active":false,"_monsterinsights_sitenote_note":"","_monsterinsights_sitenote_category":0,"footnotes":""},"categories":[46],"tags":[],"class_list":["post-200035","post","type-post","status-publish","format-standard","has-post-thumbnail","hentry","category-nacional","post--single"],"_links":{"self":[{"href":"https:\/\/canal7slp.tv\/2026\/wp-json\/wp\/v2\/posts\/200035","targetHints":{"allow":["GET"]}}],"collection":[{"href":"https:\/\/canal7slp.tv\/2026\/wp-json\/wp\/v2\/posts"}],"about":[{"href":"https:\/\/canal7slp.tv\/2026\/wp-json\/wp\/v2\/types\/post"}],"author":[{"embeddable":true,"href":"https:\/\/canal7slp.tv\/2026\/wp-json\/wp\/v2\/users\/2"}],"replies":[{"embeddable":true,"href":"https:\/\/canal7slp.tv\/2026\/wp-json\/wp\/v2\/comments?post=200035"}],"version-history":[{"count":1,"href":"https:\/\/canal7slp.tv\/2026\/wp-json\/wp\/v2\/posts\/200035\/revisions"}],"predecessor-version":[{"id":200037,"href":"https:\/\/canal7slp.tv\/2026\/wp-json\/wp\/v2\/posts\/200035\/revisions\/200037"}],"wp:featuredmedia":[{"embeddable":true,"href":"https:\/\/canal7slp.tv\/2026\/wp-json\/wp\/v2\/media\/200036"}],"wp:attachment":[{"href":"https:\/\/canal7slp.tv\/2026\/wp-json\/wp\/v2\/media?parent=200035"}],"wp:term":[{"taxonomy":"category","embeddable":true,"href":"https:\/\/canal7slp.tv\/2026\/wp-json\/wp\/v2\/categories?post=200035"},{"taxonomy":"post_tag","embeddable":true,"href":"https:\/\/canal7slp.tv\/2026\/wp-json\/wp\/v2\/tags?post=200035"}],"curies":[{"name":"wp","href":"https:\/\/api.w.org\/{rel}","templated":true}]}}