{"id":199979,"date":"2026-04-27T18:35:50","date_gmt":"2026-04-28T00:35:50","guid":{"rendered":"https:\/\/canal7slp.tv\/2026\/?p=199979"},"modified":"2026-04-27T18:35:50","modified_gmt":"2026-04-28T00:35:50","slug":"en-el-tema-del-tiradero-de-el-zapote-hay-intereses-particulares-afirma-el-alcalde-de-soledad-de-graciano-sanchez","status":"publish","type":"post","link":"https:\/\/canal7slp.tv\/2026\/en-el-tema-del-tiradero-de-el-zapote-hay-intereses-particulares-afirma-el-alcalde-de-soledad-de-graciano-sanchez\/","title":{"rendered":"En el tema del tiradero de El Zapote hay intereses particulares afirma el alcalde de Soledad de Graciano S\u00e1nchez"},"content":{"rendered":"<p style=\"text-align: justify;\"><span style=\"font-size: 1.21429rem;\">SGS.- Luego de que la Procuradur\u00eda Federal de Protecci\u00f3n al Ambiente ordenara una suspensi\u00f3n en el tiradero del El Zapote, el alcalde de Soledad Juan Manuel Navarro, acus\u00f3 que detr\u00e1s de esto hay intereses particulares y la intenci\u00f3n de politizar el tema.<\/span><\/p>\n<p style=\"text-align: justify;\">Coment\u00f3 que en temas ambientales es entendible que la ciudadan\u00eda ejerza sus derechos pero reiter\u00f3 que su gobierno ha identificado a algunos actores que, dijo, tienen intereses particulares detr\u00e1s del juicio de amparo que motiv\u00f3 la suspensi\u00f3n por riesgos ambientales.<\/p>\n<p style=\"text-align: justify;\">Navarro Mu\u00f1iz aclar\u00f3 nuevamente que el tiradero de El Zapote no es propiedad del municipio y que la disposici\u00f3n de residuos en este lugar continuar\u00e1, hasta en tanto un juez de distrito emita un resolutivo definitivo.<\/p>\n<p>Por: Claudio Ibarra<\/p>\n","protected":false},"excerpt":{"rendered":"<p>SGS.- Luego de que la Procuradur\u00eda Federal de Protecci\u00f3n al Ambiente ordenara una suspensi\u00f3n en el tiradero del El Zapote, el alcalde de Soledad Juan Manuel Navarro, acus\u00f3 que detr\u00e1s de esto hay intereses particulares y la intenci\u00f3n de politizar el tema. Coment\u00f3 que en temas ambientales es entendible que la ciudadan\u00eda ejerza sus derechos pero reiter\u00f3 que su gobierno ha identificado a algunos actores que, dijo, tienen intereses particulares detr\u00e1s del juicio de amparo que motiv\u00f3 la suspensi\u00f3n por riesgos ambientales. Navarro Mu\u00f1iz aclar\u00f3 nuevamente que el tiradero de El Zapote no es propiedad del municipio y que la [&hellip;]<\/p>\n","protected":false},"author":2,"featured_media":200002,"comment_status":"closed","ping_status":"closed","sticky":false,"template":"","format":"video","meta":{"_monsterinsights_skip_tracking":false,"_monsterinsights_sitenote_active":false,"_monsterinsights_sitenote_note":"","_monsterinsights_sitenote_category":0,"footnotes":""},"categories":[512,5,45],"tags":[],"class_list":["post-199979","post","type-post","status-publish","format-video","has-post-thumbnail","hentry","category-ayosgs","category-destacadas","category-localesyregionales","post_format-post-format-video","post--single"],"_links":{"self":[{"href":"https:\/\/canal7slp.tv\/2026\/wp-json\/wp\/v2\/posts\/199979","targetHints":{"allow":["GET"]}}],"collection":[{"href":"https:\/\/canal7slp.tv\/2026\/wp-json\/wp\/v2\/posts"}],"about":[{"href":"https:\/\/canal7slp.tv\/2026\/wp-json\/wp\/v2\/types\/post"}],"author":[{"embeddable":true,"href":"https:\/\/canal7slp.tv\/2026\/wp-json\/wp\/v2\/users\/2"}],"replies":[{"embeddable":true,"href":"https:\/\/canal7slp.tv\/2026\/wp-json\/wp\/v2\/comments?post=199979"}],"version-history":[{"count":3,"href":"https:\/\/canal7slp.tv\/2026\/wp-json\/wp\/v2\/posts\/199979\/revisions"}],"predecessor-version":[{"id":200017,"href":"https:\/\/canal7slp.tv\/2026\/wp-json\/wp\/v2\/posts\/199979\/revisions\/200017"}],"wp:featuredmedia":[{"embeddable":true,"href":"https:\/\/canal7slp.tv\/2026\/wp-json\/wp\/v2\/media\/200002"}],"wp:attachment":[{"href":"https:\/\/canal7slp.tv\/2026\/wp-json\/wp\/v2\/media?parent=199979"}],"wp:term":[{"taxonomy":"category","embeddable":true,"href":"https:\/\/canal7slp.tv\/2026\/wp-json\/wp\/v2\/categories?post=199979"},{"taxonomy":"post_tag","embeddable":true,"href":"https:\/\/canal7slp.tv\/2026\/wp-json\/wp\/v2\/tags?post=199979"}],"curies":[{"name":"wp","href":"https:\/\/api.w.org\/{rel}","templated":true}]}}