{"id":199977,"date":"2026-04-27T18:22:22","date_gmt":"2026-04-28T00:22:22","guid":{"rendered":"https:\/\/canal7slp.tv\/2026\/?p=199977"},"modified":"2026-04-27T18:22:22","modified_gmt":"2026-04-28T00:22:22","slug":"afirma-el-pan-estatal-que-presentara-denuncias-por-actos-anticipados-de-campana","status":"publish","type":"post","link":"https:\/\/canal7slp.tv\/2026\/afirma-el-pan-estatal-que-presentara-denuncias-por-actos-anticipados-de-campana\/","title":{"rendered":"Afirma el PAN Estatal que presentar\u00e1 denuncias por actos anticipados de campa\u00f1a"},"content":{"rendered":"<p style=\"text-align: justify;\"><span style=\"font-size: 1.21429rem;\">SLP.- Al afirmar que no hay piso parejo rumbo a las elecciones del 2027 como en su momento tambien lo se\u00f1alara el dirigente estatal de Movimiento Ciudadano, la presidenta del Comit\u00e9 Directivo Estatal del PAN Ver\u00f3nica Rodr\u00edguez Hern\u00e1ndez, dijo tambien que hay condiciones de inequidad.<\/span><\/p>\n<p style=\"text-align: justify;\">Y al afirmar que se est\u00e1n dando actos anticipados de campa\u00f1a urgi\u00f3 a las autoridades electorales a actuar con prontitud y autonom\u00eda, al afirmar que est\u00e1 en juego la defensa de la democracia tanto en el estado como en el pa\u00eds.<\/p>\n<p style=\"text-align: justify;\">En el mismo contexto la senadora y dirigente estatal del PAN advirti\u00f3 que en el comit\u00e9 directivo ya se preparan los expedientes para proceder legalmente.<\/p>\n<p style=\"text-align: justify;\">Asegur\u00f3 que se trata de informaci\u00f3n sustentada para identificar cada uno de los casos aunque se reserv\u00f3 nombres al decir que se dar\u00e1n a conocer posteriormente una vez que hayan recabado toda la informaci\u00f3n, y se\u00f1alar que las investigaciones se centran en personajes que utilizan recursos p\u00fablicos para promociones personales.<\/p>\n<p style=\"text-align: justify;\">Por: Claudio Ibarra<\/p>\n","protected":false},"excerpt":{"rendered":"<p>SLP.- Al afirmar que no hay piso parejo rumbo a las elecciones del 2027 como en su momento tambien lo se\u00f1alara el dirigente estatal de Movimiento Ciudadano, la presidenta del Comit\u00e9 Directivo Estatal del PAN Ver\u00f3nica Rodr\u00edguez Hern\u00e1ndez, dijo tambien que hay condiciones de inequidad. Y al afirmar que se est\u00e1n dando actos anticipados de campa\u00f1a urgi\u00f3 a las autoridades electorales a actuar con prontitud y autonom\u00eda, al afirmar que est\u00e1 en juego la defensa de la democracia tanto en el estado como en el pa\u00eds. En el mismo contexto la senadora y dirigente estatal del PAN advirti\u00f3 que en [&hellip;]<\/p>\n","protected":false},"author":2,"featured_media":200000,"comment_status":"closed","ping_status":"closed","sticky":false,"template":"","format":"video","meta":{"_monsterinsights_skip_tracking":false,"_monsterinsights_sitenote_active":false,"_monsterinsights_sitenote_note":"","_monsterinsights_sitenote_category":0,"footnotes":""},"categories":[5,45],"tags":[],"class_list":["post-199977","post","type-post","status-publish","format-video","has-post-thumbnail","hentry","category-destacadas","category-localesyregionales","post_format-post-format-video","post--single"],"_links":{"self":[{"href":"https:\/\/canal7slp.tv\/2026\/wp-json\/wp\/v2\/posts\/199977","targetHints":{"allow":["GET"]}}],"collection":[{"href":"https:\/\/canal7slp.tv\/2026\/wp-json\/wp\/v2\/posts"}],"about":[{"href":"https:\/\/canal7slp.tv\/2026\/wp-json\/wp\/v2\/types\/post"}],"author":[{"embeddable":true,"href":"https:\/\/canal7slp.tv\/2026\/wp-json\/wp\/v2\/users\/2"}],"replies":[{"embeddable":true,"href":"https:\/\/canal7slp.tv\/2026\/wp-json\/wp\/v2\/comments?post=199977"}],"version-history":[{"count":3,"href":"https:\/\/canal7slp.tv\/2026\/wp-json\/wp\/v2\/posts\/199977\/revisions"}],"predecessor-version":[{"id":200015,"href":"https:\/\/canal7slp.tv\/2026\/wp-json\/wp\/v2\/posts\/199977\/revisions\/200015"}],"wp:featuredmedia":[{"embeddable":true,"href":"https:\/\/canal7slp.tv\/2026\/wp-json\/wp\/v2\/media\/200000"}],"wp:attachment":[{"href":"https:\/\/canal7slp.tv\/2026\/wp-json\/wp\/v2\/media?parent=199977"}],"wp:term":[{"taxonomy":"category","embeddable":true,"href":"https:\/\/canal7slp.tv\/2026\/wp-json\/wp\/v2\/categories?post=199977"},{"taxonomy":"post_tag","embeddable":true,"href":"https:\/\/canal7slp.tv\/2026\/wp-json\/wp\/v2\/tags?post=199977"}],"curies":[{"name":"wp","href":"https:\/\/api.w.org\/{rel}","templated":true}]}}