{"id":199970,"date":"2026-04-27T18:19:43","date_gmt":"2026-04-28T00:19:43","guid":{"rendered":"https:\/\/canal7slp.tv\/2026\/?p=199970"},"modified":"2026-04-27T18:19:43","modified_gmt":"2026-04-28T00:19:43","slug":"violencia-tambien-es-ejercida-por-mujeres-advierten-autoridades-soledenses","status":"publish","type":"post","link":"https:\/\/canal7slp.tv\/2026\/violencia-tambien-es-ejercida-por-mujeres-advierten-autoridades-soledenses\/","title":{"rendered":"Violencia tambi\u00e9n es ejercida por mujeres, advierten autoridades soledenses"},"content":{"rendered":"<p style=\"text-align: justify;\">SGS.- La violencia verbal y psicol\u00f3gica contra las mujeres impera en los casos de emergencia que atienden al interior de los domicilios de Soledad de Graciano S\u00e1nchez, as\u00ed lo explic\u00f3 el director de la Guardia Civil Municipal, V\u00edctor Aristarco Serna Pi\u00f1a.<\/p>\n<p style=\"text-align: justify;\">\u201cNo es tanto que ya sea f\u00edsica, pero s\u00ed, s\u00ed hay violencia verbal, lo que es m\u00e1s psicol\u00f3gico es un poquito lo que se ve m\u00e1s\u201d.<\/p>\n<p style=\"text-align: justify;\">Indic\u00f3 que los propios integrantes de familia, son los agresores de las denunciantes.<\/p>\n<p style=\"text-align: justify;\">\u201cQue el esposo ya le grit\u00f3, que ya le alz\u00f3 la voz, que el hijo ya agredi\u00f3 a la mam\u00e1 o que entre hermanos pues llegan a tener alguna agresi\u00f3n es pero son como m\u00e1s verbales\u201d.<\/p>\n<p style=\"text-align: justify;\">Al momento de prestar un auxilio se asesora a las v\u00edctimas y solo el 30% termina en traslados a barandilla o ante las autoridades competentes.<\/p>\n<p style=\"text-align: justify;\">\u201cM\u00e1s o menos estamos yo creo hablando de un 30%, de todos los auxilios se hacen un 30% de detenciones porque luego a veces s\u00ed llegaron a lo mejor a ofenderse, a decirse algunas palabras, al momento ya que ven la autoridad, lo que solicita nada m\u00e1s el familiar es que retiren a la persona\u201d.<\/p>\n<p style=\"text-align: justify;\">Reconoci\u00f3 que las mujeres tambi\u00e9n pueden ser las agresoras, a pesar de que en la gran mayor\u00eda de los casos los hostigadores sean masculinos.<\/p>\n<p style=\"text-align: justify;\">\u201cLa violencia ya no nada m\u00e1s es por parte de los hombres, o sea, la violencia ahora ya ha sido muy recurrente por parte de las mujeres (\u2026) todav\u00eda no es mucho, la verdad la mayor parte es por parte del sexo masculino hacia las mujeres, pero s\u00ed hay mucho por parte tanto de las hijas, hijos, hermanas, entre hermanos\u201d.<\/p>\n<p>Por: Juan Carlos Contreras<\/p>\n","protected":false},"excerpt":{"rendered":"<p>SGS.- La violencia verbal y psicol\u00f3gica contra las mujeres impera en los casos de emergencia que atienden al interior de los domicilios de Soledad de Graciano S\u00e1nchez, as\u00ed lo explic\u00f3 el director de la Guardia Civil Municipal, V\u00edctor Aristarco Serna Pi\u00f1a. \u201cNo es tanto que ya sea f\u00edsica, pero s\u00ed, s\u00ed hay violencia verbal, lo que es m\u00e1s psicol\u00f3gico es un poquito lo que se ve m\u00e1s\u201d. Indic\u00f3 que los propios integrantes de familia, son los agresores de las denunciantes. \u201cQue el esposo ya le grit\u00f3, que ya le alz\u00f3 la voz, que el hijo ya agredi\u00f3 a la mam\u00e1 [&hellip;]<\/p>\n","protected":false},"author":2,"featured_media":199995,"comment_status":"closed","ping_status":"closed","sticky":false,"template":"","format":"video","meta":{"_monsterinsights_skip_tracking":false,"_monsterinsights_sitenote_active":false,"_monsterinsights_sitenote_note":"","_monsterinsights_sitenote_category":0,"footnotes":""},"categories":[512,5,45],"tags":[],"class_list":["post-199970","post","type-post","status-publish","format-video","has-post-thumbnail","hentry","category-ayosgs","category-destacadas","category-localesyregionales","post_format-post-format-video","post--single"],"_links":{"self":[{"href":"https:\/\/canal7slp.tv\/2026\/wp-json\/wp\/v2\/posts\/199970","targetHints":{"allow":["GET"]}}],"collection":[{"href":"https:\/\/canal7slp.tv\/2026\/wp-json\/wp\/v2\/posts"}],"about":[{"href":"https:\/\/canal7slp.tv\/2026\/wp-json\/wp\/v2\/types\/post"}],"author":[{"embeddable":true,"href":"https:\/\/canal7slp.tv\/2026\/wp-json\/wp\/v2\/users\/2"}],"replies":[{"embeddable":true,"href":"https:\/\/canal7slp.tv\/2026\/wp-json\/wp\/v2\/comments?post=199970"}],"version-history":[{"count":3,"href":"https:\/\/canal7slp.tv\/2026\/wp-json\/wp\/v2\/posts\/199970\/revisions"}],"predecessor-version":[{"id":200014,"href":"https:\/\/canal7slp.tv\/2026\/wp-json\/wp\/v2\/posts\/199970\/revisions\/200014"}],"wp:featuredmedia":[{"embeddable":true,"href":"https:\/\/canal7slp.tv\/2026\/wp-json\/wp\/v2\/media\/199995"}],"wp:attachment":[{"href":"https:\/\/canal7slp.tv\/2026\/wp-json\/wp\/v2\/media?parent=199970"}],"wp:term":[{"taxonomy":"category","embeddable":true,"href":"https:\/\/canal7slp.tv\/2026\/wp-json\/wp\/v2\/categories?post=199970"},{"taxonomy":"post_tag","embeddable":true,"href":"https:\/\/canal7slp.tv\/2026\/wp-json\/wp\/v2\/tags?post=199970"}],"curies":[{"name":"wp","href":"https:\/\/api.w.org\/{rel}","templated":true}]}}