{"id":199967,"date":"2026-04-27T18:06:28","date_gmt":"2026-04-28T00:06:28","guid":{"rendered":"https:\/\/canal7slp.tv\/2026\/?p=199967"},"modified":"2026-04-27T18:09:01","modified_gmt":"2026-04-28T00:09:01","slug":"este-gobierno-es-el-unico-que-les-ha-reconocido-la-labor-insistio-secretario-general-tras-quejas-de-precaria-alimentacion-a-medicos-residentes-en-el-hospital-central","status":"publish","type":"post","link":"https:\/\/canal7slp.tv\/2026\/este-gobierno-es-el-unico-que-les-ha-reconocido-la-labor-insistio-secretario-general-tras-quejas-de-precaria-alimentacion-a-medicos-residentes-en-el-hospital-central\/","title":{"rendered":"\u00abEste gobierno es el \u00fanico que les ha reconocido la labor\u00bb, insisti\u00f3 secretario general tras quejas de precaria alimentaci\u00f3n a m\u00e9dicos residentes en el Hospital Central"},"content":{"rendered":"<ul>\n<li style=\"text-align: justify;\">El funcionario afirm\u00f3 que a la Federaci\u00f3n compete la intervenci\u00f3n en el tema.<\/li>\n<\/ul>\n<p style=\"text-align: justify;\">SLP.- Luego de que personal m\u00e9dico y de enfermer\u00eda del Hospital Regional de Alta Especialidad Dr. Ignacio Morones Prieto, afirmaron les suspendieron los alimentos necesarios para trabajar sus turnos, el secretario general, J.Guadalupe Torres S\u00e1nchez, asever\u00f3 que desde el cambio al IMSS-Bienestar, la federaci\u00f3n es la encargada del nosocomio y su abastecimiento.<\/p>\n<p style=\"text-align: justify;\">\u201cNosotros nunca hemos dejado solos a una entidad, y m\u00e1s a una entidad de salud pretextanto situaciones de competencia (\u2026) en ese sentido el gobernador ha dispuesto muchos mecanismo de ayuda o de soporte justamente para este sector de salud\u201d.<\/p>\n<p style=\"text-align: justify;\">Asever\u00f3 que se ha tenido contacto con el Delegado de la Oficina del Imss-Bienestar, Daniel Acosta, para externar la serie de denuncias realizadas por el personal del hospital.<\/p>\n<p style=\"text-align: justify;\">\u201cA trav\u00e9s de \u00e9l es nuestro canal de comunicaci\u00f3n, verdad, para poder plantear estas dificultades del personal, pero tambi\u00e9n al mismo tiempo buscar c\u00f3mo resolver este tipo de problem\u00e1ticas\u201d.<\/p>\n<p style=\"text-align: justify;\">Asegur\u00f3 para finalizar, que la administraci\u00f3n estatal, se mantiene pendiente de las necesidades de los integrantes del hospital, en medida de lo posible.<\/p>\n<p style=\"text-align: justify;\">\u201cEste gobierno es el \u00fanico que les ha reconocido la labor que por a\u00f1os han venido haciendo (\u2026) se regulariz\u00f3 la situaci\u00f3n de sus pensiones (\u2026) un n\u00famero importante de m\u00e9dicos que han prestado servicios en el Hospital Central, gozando de una atenci\u00f3n digna y formal\u201d.<\/p>\n<p>Por: Juan Carlos Contreras<\/p>\n","protected":false},"excerpt":{"rendered":"<p>El funcionario afirm\u00f3 que a la Federaci\u00f3n compete la intervenci\u00f3n en el tema. SLP.- Luego de que personal m\u00e9dico y de enfermer\u00eda del Hospital Regional de Alta Especialidad Dr. Ignacio Morones Prieto, afirmaron les suspendieron los alimentos necesarios para trabajar sus turnos, el secretario general, J.Guadalupe Torres S\u00e1nchez, asever\u00f3 que desde el cambio al IMSS-Bienestar, la federaci\u00f3n es la encargada del nosocomio y su abastecimiento. \u201cNosotros nunca hemos dejado solos a una entidad, y m\u00e1s a una entidad de salud pretextanto situaciones de competencia (\u2026) en ese sentido el gobernador ha dispuesto muchos mecanismo de ayuda o de soporte justamente [&hellip;]<\/p>\n","protected":false},"author":2,"featured_media":199992,"comment_status":"closed","ping_status":"closed","sticky":false,"template":"","format":"video","meta":{"_monsterinsights_skip_tracking":false,"_monsterinsights_sitenote_active":false,"_monsterinsights_sitenote_note":"","_monsterinsights_sitenote_category":0,"footnotes":""},"categories":[5,510,45],"tags":[],"class_list":["post-199967","post","type-post","status-publish","format-video","has-post-thumbnail","hentry","category-destacadas","category-gobedoslp","category-localesyregionales","post_format-post-format-video","post--single"],"_links":{"self":[{"href":"https:\/\/canal7slp.tv\/2026\/wp-json\/wp\/v2\/posts\/199967","targetHints":{"allow":["GET"]}}],"collection":[{"href":"https:\/\/canal7slp.tv\/2026\/wp-json\/wp\/v2\/posts"}],"about":[{"href":"https:\/\/canal7slp.tv\/2026\/wp-json\/wp\/v2\/types\/post"}],"author":[{"embeddable":true,"href":"https:\/\/canal7slp.tv\/2026\/wp-json\/wp\/v2\/users\/2"}],"replies":[{"embeddable":true,"href":"https:\/\/canal7slp.tv\/2026\/wp-json\/wp\/v2\/comments?post=199967"}],"version-history":[{"count":3,"href":"https:\/\/canal7slp.tv\/2026\/wp-json\/wp\/v2\/posts\/199967\/revisions"}],"predecessor-version":[{"id":200011,"href":"https:\/\/canal7slp.tv\/2026\/wp-json\/wp\/v2\/posts\/199967\/revisions\/200011"}],"wp:featuredmedia":[{"embeddable":true,"href":"https:\/\/canal7slp.tv\/2026\/wp-json\/wp\/v2\/media\/199992"}],"wp:attachment":[{"href":"https:\/\/canal7slp.tv\/2026\/wp-json\/wp\/v2\/media?parent=199967"}],"wp:term":[{"taxonomy":"category","embeddable":true,"href":"https:\/\/canal7slp.tv\/2026\/wp-json\/wp\/v2\/categories?post=199967"},{"taxonomy":"post_tag","embeddable":true,"href":"https:\/\/canal7slp.tv\/2026\/wp-json\/wp\/v2\/tags?post=199967"}],"curies":[{"name":"wp","href":"https:\/\/api.w.org\/{rel}","templated":true}]}}