{"id":199870,"date":"2026-04-26T13:01:01","date_gmt":"2026-04-26T19:01:01","guid":{"rendered":"https:\/\/canal7slp.tv\/2026\/?p=199870"},"modified":"2026-04-26T13:01:01","modified_gmt":"2026-04-26T19:01:01","slug":"contralmirante-farias-laguna-detenido-en-argentina-pide-asilo-politico","status":"publish","type":"post","link":"https:\/\/canal7slp.tv\/2026\/contralmirante-farias-laguna-detenido-en-argentina-pide-asilo-politico\/","title":{"rendered":"Contralmirante Far\u00edas Laguna, detenido en Argentina, pide asilo pol\u00edtico"},"content":{"rendered":"<p style=\"text-align: justify;\">Buenos Aires.- La defensa legal del contralmirante Fernando Far\u00edas Laguna, detenido el 23 de abril en Buenos Aires por su presunta participaci\u00f3n en una red de contrabando de hidrocarburos y evasi\u00f3n fiscal, inform\u00f3 que el militar busca permanecer en Argentina mediante una solicitud de asilo pol\u00edtico, tras la petici\u00f3n de extradici\u00f3n presentada por M\u00e9xico.<\/p>\n<p style=\"text-align: justify;\">El abogado Epigmenio Mendieta explic\u00f3 que la solicitud se sustenta en lo que calific\u00f3 como un \u201cse\u00f1alamiento anticipado\u201d de culpabilidad en M\u00e9xico, pese \u2014seg\u00fan dijo\u2014 a la ausencia de pruebas concluyentes en su contra.<\/p>\n<p style=\"text-align: justify;\">Mendieta sostuvo que Far\u00edas Laguna habr\u00eda denunciado previamente la red de \u201chuachicol\u201d ante su superior, el entonces secretario de Marina, Rafael Ojeda, quien adem\u00e1s es su t\u00edo. No obstante, el gobierno mexicano ha negado cualquier v\u00ednculo del almirante con el llamado \u201chuachicol fiscal\u201d.<\/p>\n<p style=\"text-align: justify;\">La defensa argumenta que dicha denuncia habr\u00eda derivado en que Far\u00edas Laguna fuera se\u00f1alado como presunto l\u00edder de la red. Asimismo, reconoci\u00f3 que el contralmirante utiliz\u00f3 un pasaporte que no corresponde a su nacionalidad, lo cual constituye un delito en Argentina.<\/p>\n<p style=\"text-align: justify;\">El militar, de 47 a\u00f1os, fue detenido en el barrio de Palermo, en Buenos Aires, tras haber ingresado al pa\u00eds el 1 de abril con una identidad falsa, a nombre de un ciudadano guatemalteco. Las autoridades lo acusan de formar parte de una estructura criminal que operaba desde 2023, integrada por funcionarios p\u00fablicos y personal de fuerzas armadas, dedicada al ingreso ilegal de hidrocarburos desde Estados Unidos.<\/p>\n<p style=\"text-align: justify;\">Por su parte, la presidenta de M\u00e9xico, Claudia Sheinbaum, inform\u00f3 que su gobierno mantiene gestiones con Argentina para lograr la deportaci\u00f3n o extradici\u00f3n del contralmirante, subrayando que ingres\u00f3 a ese pa\u00eds con documentaci\u00f3n falsa.<\/p>\n","protected":false},"excerpt":{"rendered":"<p>Buenos Aires.- La defensa legal del contralmirante Fernando Far\u00edas Laguna, detenido el 23 de abril en Buenos Aires por su presunta participaci\u00f3n en una red de contrabando de hidrocarburos y evasi\u00f3n fiscal, inform\u00f3 que el militar busca permanecer en Argentina mediante una solicitud de asilo pol\u00edtico, tras la petici\u00f3n de extradici\u00f3n presentada por M\u00e9xico. El abogado Epigmenio Mendieta explic\u00f3 que la solicitud se sustenta en lo que calific\u00f3 como un \u201cse\u00f1alamiento anticipado\u201d de culpabilidad en M\u00e9xico, pese \u2014seg\u00fan dijo\u2014 a la ausencia de pruebas concluyentes en su contra. Mendieta sostuvo que Far\u00edas Laguna habr\u00eda denunciado previamente la red de \u201chuachicol\u201d [&hellip;]<\/p>\n","protected":false},"author":2,"featured_media":199871,"comment_status":"closed","ping_status":"closed","sticky":false,"template":"","format":"standard","meta":{"_monsterinsights_skip_tracking":false,"_monsterinsights_sitenote_active":false,"_monsterinsights_sitenote_note":"","_monsterinsights_sitenote_category":0,"footnotes":""},"categories":[44],"tags":[],"class_list":["post-199870","post","type-post","status-publish","format-standard","has-post-thumbnail","hentry","category-internacional","post--single"],"_links":{"self":[{"href":"https:\/\/canal7slp.tv\/2026\/wp-json\/wp\/v2\/posts\/199870","targetHints":{"allow":["GET"]}}],"collection":[{"href":"https:\/\/canal7slp.tv\/2026\/wp-json\/wp\/v2\/posts"}],"about":[{"href":"https:\/\/canal7slp.tv\/2026\/wp-json\/wp\/v2\/types\/post"}],"author":[{"embeddable":true,"href":"https:\/\/canal7slp.tv\/2026\/wp-json\/wp\/v2\/users\/2"}],"replies":[{"embeddable":true,"href":"https:\/\/canal7slp.tv\/2026\/wp-json\/wp\/v2\/comments?post=199870"}],"version-history":[{"count":1,"href":"https:\/\/canal7slp.tv\/2026\/wp-json\/wp\/v2\/posts\/199870\/revisions"}],"predecessor-version":[{"id":199872,"href":"https:\/\/canal7slp.tv\/2026\/wp-json\/wp\/v2\/posts\/199870\/revisions\/199872"}],"wp:featuredmedia":[{"embeddable":true,"href":"https:\/\/canal7slp.tv\/2026\/wp-json\/wp\/v2\/media\/199871"}],"wp:attachment":[{"href":"https:\/\/canal7slp.tv\/2026\/wp-json\/wp\/v2\/media?parent=199870"}],"wp:term":[{"taxonomy":"category","embeddable":true,"href":"https:\/\/canal7slp.tv\/2026\/wp-json\/wp\/v2\/categories?post=199870"},{"taxonomy":"post_tag","embeddable":true,"href":"https:\/\/canal7slp.tv\/2026\/wp-json\/wp\/v2\/tags?post=199870"}],"curies":[{"name":"wp","href":"https:\/\/api.w.org\/{rel}","templated":true}]}}