{"id":199864,"date":"2026-04-26T12:16:47","date_gmt":"2026-04-26T18:16:47","guid":{"rendered":"https:\/\/canal7slp.tv\/2026\/?p=199864"},"modified":"2026-04-26T12:16:47","modified_gmt":"2026-04-26T18:16:47","slug":"explosion-en-colombia-deja-19-muertos-y-mas-de-48-heridos","status":"publish","type":"post","link":"https:\/\/canal7slp.tv\/2026\/explosion-en-colombia-deja-19-muertos-y-mas-de-48-heridos\/","title":{"rendered":"Explosi\u00f3n en Colombia deja 19 muertos y m\u00e1s de 48 heridos"},"content":{"rendered":"<p style=\"text-align: justify;\" data-start=\"221\" data-end=\"479\">Cauca.- Un ataque con explosivos en la V\u00eda Panamericana, en el departamento del Cauca, Colombia, dej\u00f3 un saldo de 19 personas fallecidas y al menos 48 heridas. El atentado ocurri\u00f3 el s\u00e1bado 25 de abril en el sector conocido como El T\u00fanel, en el municipio de Cajib\u00edo.<\/p>\n<p style=\"text-align: justify;\" data-start=\"481\" data-end=\"663\">De acuerdo con las autoridades, un cilindro bomba fue lanzado por presuntos disidentes de las FARC, impactando un autob\u00fas de pasajeros y varios veh\u00edculos que transitaban por la zona.<\/p>\n<p style=\"text-align: justify;\" data-start=\"665\" data-end=\"871\">La Gobernaci\u00f3n del Cauca confirm\u00f3 el n\u00famero de v\u00edctimas y decret\u00f3 tres d\u00edas de duelo. El ataque provoc\u00f3 adem\u00e1s un enorme cr\u00e1ter sobre la carretera, lo que interrumpi\u00f3 completamente la circulaci\u00f3n vehicular.<\/p>\n<p style=\"text-align: justify;\" data-start=\"873\" data-end=\"1024\">El gobernador Octavio Guzm\u00e1n calific\u00f3 el hecho como una \u201ctragedia que nos desgarra\u201d y conden\u00f3 la violencia que contin\u00faa afectando a la poblaci\u00f3n civil.<\/p>\n<p style=\"text-align: justify;\" data-start=\"1026\" data-end=\"1228\">Por su parte, el Instituto de Medicina Legal inici\u00f3 los trabajos forenses para identificar a las v\u00edctimas y determinar las causas de muerte. Entre los heridos se reportan al menos cinco menores de edad.<\/p>\n<p style=\"text-align: justify;\" data-start=\"1230\" data-end=\"1565\">El atentado ocurre en medio de un repunte de la violencia en la regi\u00f3n, donde las disidencias de las FARC han intensificado sus acciones. Ante este escenario, el Ministerio de Defensa anunci\u00f3 el despliegue de refuerzos militares en el Cauca, incluyendo unidades de caballer\u00eda blindada y mayor presencia policial en la V\u00eda Panamericana.<\/p>\n<p style=\"text-align: justify;\" data-start=\"1567\" data-end=\"1898\">El ministro de Defensa, Pedro S\u00e1nchez Su\u00e1rez, atribuy\u00f3 el ataque a la columna Jaime Mart\u00ednez, perteneciente al Estado Mayor Central (EMC) de las FARC. Asimismo, las autoridades ofrecieron una recompensa de hasta 5.000 millones de pesos (alrededor de 1.4 millones de d\u00f3lares) por informaci\u00f3n que permita capturar a los responsables.<\/p>\n<p style=\"text-align: justify;\" data-start=\"1900\" data-end=\"2044\">Este atentado se suma a una serie de hechos violentos recientes que han encendido las alertas sobre la seguridad y el orden p\u00fablico en el Cauca.<\/p>\n","protected":false},"excerpt":{"rendered":"<p>Cauca.- Un ataque con explosivos en la V\u00eda Panamericana, en el departamento del Cauca, Colombia, dej\u00f3 un saldo de 19 personas fallecidas y al menos 48 heridas. El atentado ocurri\u00f3 el s\u00e1bado 25 de abril en el sector conocido como El T\u00fanel, en el municipio de Cajib\u00edo. De acuerdo con las autoridades, un cilindro bomba fue lanzado por presuntos disidentes de las FARC, impactando un autob\u00fas de pasajeros y varios veh\u00edculos que transitaban por la zona. La Gobernaci\u00f3n del Cauca confirm\u00f3 el n\u00famero de v\u00edctimas y decret\u00f3 tres d\u00edas de duelo. El ataque provoc\u00f3 adem\u00e1s un enorme cr\u00e1ter sobre la [&hellip;]<\/p>\n","protected":false},"author":2,"featured_media":199865,"comment_status":"closed","ping_status":"closed","sticky":false,"template":"","format":"standard","meta":{"_monsterinsights_skip_tracking":false,"_monsterinsights_sitenote_active":false,"_monsterinsights_sitenote_note":"","_monsterinsights_sitenote_category":0,"footnotes":""},"categories":[44],"tags":[],"class_list":["post-199864","post","type-post","status-publish","format-standard","has-post-thumbnail","hentry","category-internacional","post--single"],"_links":{"self":[{"href":"https:\/\/canal7slp.tv\/2026\/wp-json\/wp\/v2\/posts\/199864","targetHints":{"allow":["GET"]}}],"collection":[{"href":"https:\/\/canal7slp.tv\/2026\/wp-json\/wp\/v2\/posts"}],"about":[{"href":"https:\/\/canal7slp.tv\/2026\/wp-json\/wp\/v2\/types\/post"}],"author":[{"embeddable":true,"href":"https:\/\/canal7slp.tv\/2026\/wp-json\/wp\/v2\/users\/2"}],"replies":[{"embeddable":true,"href":"https:\/\/canal7slp.tv\/2026\/wp-json\/wp\/v2\/comments?post=199864"}],"version-history":[{"count":1,"href":"https:\/\/canal7slp.tv\/2026\/wp-json\/wp\/v2\/posts\/199864\/revisions"}],"predecessor-version":[{"id":199866,"href":"https:\/\/canal7slp.tv\/2026\/wp-json\/wp\/v2\/posts\/199864\/revisions\/199866"}],"wp:featuredmedia":[{"embeddable":true,"href":"https:\/\/canal7slp.tv\/2026\/wp-json\/wp\/v2\/media\/199865"}],"wp:attachment":[{"href":"https:\/\/canal7slp.tv\/2026\/wp-json\/wp\/v2\/media?parent=199864"}],"wp:term":[{"taxonomy":"category","embeddable":true,"href":"https:\/\/canal7slp.tv\/2026\/wp-json\/wp\/v2\/categories?post=199864"},{"taxonomy":"post_tag","embeddable":true,"href":"https:\/\/canal7slp.tv\/2026\/wp-json\/wp\/v2\/tags?post=199864"}],"curies":[{"name":"wp","href":"https:\/\/api.w.org\/{rel}","templated":true}]}}