{"id":199856,"date":"2026-04-26T11:35:01","date_gmt":"2026-04-26T17:35:01","guid":{"rendered":"https:\/\/canal7slp.tv\/2026\/?p=199856"},"modified":"2026-04-26T11:35:01","modified_gmt":"2026-04-26T17:35:01","slug":"vinculan-a-proceso-a-policias-municipales-de-manzanillo-por-colaborar-con-el-crimen-organizado","status":"publish","type":"post","link":"https:\/\/canal7slp.tv\/2026\/vinculan-a-proceso-a-policias-municipales-de-manzanillo-por-colaborar-con-el-crimen-organizado\/","title":{"rendered":"Vinculan a proceso a polic\u00edas municipales de Manzanillo por colaborar con el crimen organizado"},"content":{"rendered":"<p style=\"text-align: justify;\">Manzanillo.-\u00a0Ocho elementos de la Polic\u00eda Municipal de Manzanillo fueron vinculados a proceso por su presunta relaci\u00f3n con una organizaci\u00f3n criminal, a la que habr\u00edan proporcionado informaci\u00f3n sensible sobre actividades de seguridad p\u00fablica, as\u00ed como sobre la procuraci\u00f3n e impartici\u00f3n de justicia y el sistema penitenciario estatal.<\/p>\n<p style=\"text-align: justify;\" data-start=\"1816\" data-end=\"2156\">De acuerdo con el Ministerio P\u00fablico, entre el 2 y el 19 de diciembre de 2023, los agentes \u2014entre ellos una mujer\u2014 habr\u00edan transmitido datos sobre la presencia y operaciones de distintas corporaciones policiales y fuerzas armadas en la regi\u00f3n. Esta informaci\u00f3n era utilizada para beneficiar a un grupo delictivo con presencia en Manzanillo.<\/p>\n<p style=\"text-align: justify;\" data-start=\"2158\" data-end=\"2339\">Para el intercambio de datos, los implicados utilizaban la aplicaci\u00f3n de mensajer\u00eda <span class=\"hover:entity-accent entity-underline inline cursor-pointer align-baseline\"><span class=\"whitespace-normal\">Threema<\/span><\/span>, conocida por sus altos est\u00e1ndares de privacidad y cifrado.<\/p>\n<p style=\"text-align: justify;\" data-start=\"2341\" data-end=\"2557\">Tras la audiencia inicial, un juez determin\u00f3 vincularlos a proceso, imponiendo como medida cautelar la prisi\u00f3n preventiva justificada y fijando un plazo de dos meses para el cierre de la investigaci\u00f3n complementaria.<\/p>\n<p style=\"text-align: justify;\" data-start=\"2559\" data-end=\"2989\">Las indagatorias de la Fiscal\u00eda de Colima se originaron a partir del asesinato de Jos\u00e9 Alfredo Ch\u00e1vez Gonz\u00e1lez, exsecretario del Ayuntamiento de Villa de \u00c1lvarez, ocurrido el 9 de febrero de 2024. A ra\u00edz de este hecho, y en coordinaci\u00f3n con la Secretar\u00eda de Marina y la Secretar\u00eda de la Defensa Nacional, se realizaron cateos en diversos inmuebles vinculados a c\u00e9lulas delictivas en la zona conurbada de Colima y Villa de \u00c1lvarez.<\/p>\n<p style=\"text-align: justify;\" data-start=\"2991\" data-end=\"3226\">Durante estos operativos, las autoridades aseguraron dispositivos m\u00f3viles que, tras ser sometidos a an\u00e1lisis forenses, revelaron la existencia de redes de comunicaci\u00f3n en las que participaban polic\u00edas municipales activos de Manzanillo.<\/p>\n<p style=\"text-align: justify;\" data-start=\"3228\" data-end=\"3458\">En dichas redes se compart\u00eda informaci\u00f3n en tiempo real sobre operativos federales, movimientos de patrullas y desplazamientos de autoridades, lo que permiti\u00f3 a las autoridades obtener \u00f3rdenes de aprehensi\u00f3n contra los implicados.<\/p>\n","protected":false},"excerpt":{"rendered":"<p>Manzanillo.-\u00a0Ocho elementos de la Polic\u00eda Municipal de Manzanillo fueron vinculados a proceso por su presunta relaci\u00f3n con una organizaci\u00f3n criminal, a la que habr\u00edan proporcionado informaci\u00f3n sensible sobre actividades de seguridad p\u00fablica, as\u00ed como sobre la procuraci\u00f3n e impartici\u00f3n de justicia y el sistema penitenciario estatal. De acuerdo con el Ministerio P\u00fablico, entre el 2 y el 19 de diciembre de 2023, los agentes \u2014entre ellos una mujer\u2014 habr\u00edan transmitido datos sobre la presencia y operaciones de distintas corporaciones policiales y fuerzas armadas en la regi\u00f3n. Esta informaci\u00f3n era utilizada para beneficiar a un grupo delictivo con presencia en Manzanillo. [&hellip;]<\/p>\n","protected":false},"author":2,"featured_media":199857,"comment_status":"closed","ping_status":"closed","sticky":false,"template":"","format":"standard","meta":{"_monsterinsights_skip_tracking":false,"_monsterinsights_sitenote_active":false,"_monsterinsights_sitenote_note":"","_monsterinsights_sitenote_category":0,"footnotes":""},"categories":[46],"tags":[],"class_list":["post-199856","post","type-post","status-publish","format-standard","has-post-thumbnail","hentry","category-nacional","post--single"],"_links":{"self":[{"href":"https:\/\/canal7slp.tv\/2026\/wp-json\/wp\/v2\/posts\/199856","targetHints":{"allow":["GET"]}}],"collection":[{"href":"https:\/\/canal7slp.tv\/2026\/wp-json\/wp\/v2\/posts"}],"about":[{"href":"https:\/\/canal7slp.tv\/2026\/wp-json\/wp\/v2\/types\/post"}],"author":[{"embeddable":true,"href":"https:\/\/canal7slp.tv\/2026\/wp-json\/wp\/v2\/users\/2"}],"replies":[{"embeddable":true,"href":"https:\/\/canal7slp.tv\/2026\/wp-json\/wp\/v2\/comments?post=199856"}],"version-history":[{"count":1,"href":"https:\/\/canal7slp.tv\/2026\/wp-json\/wp\/v2\/posts\/199856\/revisions"}],"predecessor-version":[{"id":199858,"href":"https:\/\/canal7slp.tv\/2026\/wp-json\/wp\/v2\/posts\/199856\/revisions\/199858"}],"wp:featuredmedia":[{"embeddable":true,"href":"https:\/\/canal7slp.tv\/2026\/wp-json\/wp\/v2\/media\/199857"}],"wp:attachment":[{"href":"https:\/\/canal7slp.tv\/2026\/wp-json\/wp\/v2\/media?parent=199856"}],"wp:term":[{"taxonomy":"category","embeddable":true,"href":"https:\/\/canal7slp.tv\/2026\/wp-json\/wp\/v2\/categories?post=199856"},{"taxonomy":"post_tag","embeddable":true,"href":"https:\/\/canal7slp.tv\/2026\/wp-json\/wp\/v2\/tags?post=199856"}],"curies":[{"name":"wp","href":"https:\/\/api.w.org\/{rel}","templated":true}]}}