{"id":199853,"date":"2026-04-26T11:23:02","date_gmt":"2026-04-26T17:23:02","guid":{"rendered":"https:\/\/canal7slp.tv\/2026\/?p=199853"},"modified":"2026-04-26T11:23:02","modified_gmt":"2026-04-26T17:23:02","slug":"gobierno-federal-asigna-mas-de-300-mdp-a-empresas-privadas-para-concluir-obras-del-tren-hacia-el-aifa","status":"publish","type":"post","link":"https:\/\/canal7slp.tv\/2026\/gobierno-federal-asigna-mas-de-300-mdp-a-empresas-privadas-para-concluir-obras-del-tren-hacia-el-aifa\/","title":{"rendered":"Gobierno Federal asigna m\u00e1s de 300 mdp a empresas privadas para concluir obras del tren hacia el AIFA"},"content":{"rendered":"<p style=\"text-align: justify;\">M\u00e9xico.- El Gobierno federal ha destinado m\u00e1s de 300 millones de pesos a empresas privadas para concluir las obras del tren que conectar\u00e1 Buenavista con el Aeropuerto Internacional Felipe \u00c1ngeles (AIFA), ante limitaciones t\u00e9cnicas y operativas de la Secretar\u00eda de la Defensa Nacional (Sedena), encargada del proyecto.<\/p>\n<p style=\"text-align: justify;\">Entre el 5 de marzo y el 1 de abril se contrataron nueve empresas por un monto total de 303 millones 962 mil 537 pesos. Estos recursos se destinar\u00e1n a la construcci\u00f3n de escaleras y accesos en estaciones, as\u00ed como a obras de drenaje, alumbrado y se\u00f1alizaci\u00f3n. Tambi\u00e9n incluyen la capacitaci\u00f3n de personal y la contrataci\u00f3n de servicios t\u00e9cnicos, administrativos, de limpieza y vigilancia.<\/p>\n<p style=\"text-align: justify;\">De acuerdo con documentos oficiales, la participaci\u00f3n de la iniciativa privada fue necesaria debido a que la Sedena se encuentra \u201csobrepasada en capacidad t\u00e9cnica, operativa y de personal\u201d para cumplir con los tiempos establecidos por el Ejecutivo federal.<\/p>\n<p style=\"text-align: justify;\">Las obras iniciaron a mediados de marzo y se prev\u00e9 que concluyan entre junio y agosto. En paralelo, la capacitaci\u00f3n de 60 conductores y despachadores finalizar\u00e1 en mayo, lo que evidencia que el proyecto a\u00fan se encuentra en fase de ajustes operativos y de infraestructura para cumplir con condiciones m\u00ednimas de funcionamiento.<\/p>\n<p style=\"text-align: justify;\">La inauguraci\u00f3n del tren, prevista originalmente antes de Semana Santa, fue pospuesta debido a que las obras contin\u00faan inconclusas. La Agencia Reguladora del Transporte Ferroviario (ARTF) advirti\u00f3 que iniciar operaciones en estas condiciones podr\u00eda derivar en accidentes, como atropellamientos, adem\u00e1s de generar conflictos sociales.<\/p>\n<p style=\"text-align: justify;\">Entre las empresas contratadas se encuentra ASCH S.A. de C.V., encargada de construir escaleras de acceso en estaciones como Cueyamil y Teyahualco, con un contrato por 60 millones 447 mil 268 pesos. Asimismo, Gonz\u00e1lez Soto y Asociados S.A. de C.V. desarrollar\u00e1 una pasarela de acceso en la estaci\u00f3n Prado Sur, con una inversi\u00f3n de 44 millones 582 mil 805 pesos.<\/p>\n<p style=\"text-align: justify;\">Por su parte, Infraestructura y Desarrollo Integral DICSSA S.A. de C.V. fue contratada para construir m\u00e1s de 10 kil\u00f3metros de drenaje, con un monto de 31 millones 668 mil pesos.<\/p>\n<p style=\"text-align: justify;\">La ARTF ha se\u00f1alado que la falta de accesos adecuados en algunas estaciones podr\u00eda llevar a los usuarios a cruzar las v\u00edas de forma irregular, lo que representa un riesgo para su seguridad. Adem\u00e1s, esta situaci\u00f3n ha generado inconformidad entre la poblaci\u00f3n, incrementando la presi\u00f3n sobre las autoridades para concluir las obras y garantizar condiciones seguras antes de iniciar operaciones.<\/p>\n","protected":false},"excerpt":{"rendered":"<p>M\u00e9xico.- El Gobierno federal ha destinado m\u00e1s de 300 millones de pesos a empresas privadas para concluir las obras del tren que conectar\u00e1 Buenavista con el Aeropuerto Internacional Felipe \u00c1ngeles (AIFA), ante limitaciones t\u00e9cnicas y operativas de la Secretar\u00eda de la Defensa Nacional (Sedena), encargada del proyecto. Entre el 5 de marzo y el 1 de abril se contrataron nueve empresas por un monto total de 303 millones 962 mil 537 pesos. Estos recursos se destinar\u00e1n a la construcci\u00f3n de escaleras y accesos en estaciones, as\u00ed como a obras de drenaje, alumbrado y se\u00f1alizaci\u00f3n. Tambi\u00e9n incluyen la capacitaci\u00f3n de personal [&hellip;]<\/p>\n","protected":false},"author":2,"featured_media":199854,"comment_status":"closed","ping_status":"closed","sticky":false,"template":"","format":"standard","meta":{"_monsterinsights_skip_tracking":false,"_monsterinsights_sitenote_active":false,"_monsterinsights_sitenote_note":"","_monsterinsights_sitenote_category":0,"footnotes":""},"categories":[46],"tags":[],"class_list":["post-199853","post","type-post","status-publish","format-standard","has-post-thumbnail","hentry","category-nacional","post--single"],"_links":{"self":[{"href":"https:\/\/canal7slp.tv\/2026\/wp-json\/wp\/v2\/posts\/199853","targetHints":{"allow":["GET"]}}],"collection":[{"href":"https:\/\/canal7slp.tv\/2026\/wp-json\/wp\/v2\/posts"}],"about":[{"href":"https:\/\/canal7slp.tv\/2026\/wp-json\/wp\/v2\/types\/post"}],"author":[{"embeddable":true,"href":"https:\/\/canal7slp.tv\/2026\/wp-json\/wp\/v2\/users\/2"}],"replies":[{"embeddable":true,"href":"https:\/\/canal7slp.tv\/2026\/wp-json\/wp\/v2\/comments?post=199853"}],"version-history":[{"count":1,"href":"https:\/\/canal7slp.tv\/2026\/wp-json\/wp\/v2\/posts\/199853\/revisions"}],"predecessor-version":[{"id":199855,"href":"https:\/\/canal7slp.tv\/2026\/wp-json\/wp\/v2\/posts\/199853\/revisions\/199855"}],"wp:featuredmedia":[{"embeddable":true,"href":"https:\/\/canal7slp.tv\/2026\/wp-json\/wp\/v2\/media\/199854"}],"wp:attachment":[{"href":"https:\/\/canal7slp.tv\/2026\/wp-json\/wp\/v2\/media?parent=199853"}],"wp:term":[{"taxonomy":"category","embeddable":true,"href":"https:\/\/canal7slp.tv\/2026\/wp-json\/wp\/v2\/categories?post=199853"},{"taxonomy":"post_tag","embeddable":true,"href":"https:\/\/canal7slp.tv\/2026\/wp-json\/wp\/v2\/tags?post=199853"}],"curies":[{"name":"wp","href":"https:\/\/api.w.org\/{rel}","templated":true}]}}