{"id":199838,"date":"2026-04-25T20:51:52","date_gmt":"2026-04-26T02:51:52","guid":{"rendered":"https:\/\/canal7slp.tv\/2026\/?p=199838"},"modified":"2026-04-25T20:51:52","modified_gmt":"2026-04-26T02:51:52","slug":"potosinos-radicados-en-medio-oriente-sin-riesgo-por-conflicto-belico-afirma-el-titular-del-instituto-de-migracion-y-enlace-internacional","status":"publish","type":"post","link":"https:\/\/canal7slp.tv\/2026\/potosinos-radicados-en-medio-oriente-sin-riesgo-por-conflicto-belico-afirma-el-titular-del-instituto-de-migracion-y-enlace-internacional\/","title":{"rendered":"Potosinos radicados en Medio Oriente sin riesgo por conflicto b\u00e9lico, afirma el titular del Instituto de Migraci\u00f3n y Enlace Internacional"},"content":{"rendered":"<p style=\"text-align: justify;\">SLP.-\u00a0Antes de que iniciara el conflicto b\u00e9lico en el Medio Oriente entre Estados Unidos e Ir\u00e1n potosinos radicados en esta regi\u00f3n lograron salir de esta regi\u00f3n, inform\u00f3 el titular del Instituto de Migraci\u00f3n y Enlace Internacional, Enrique Hern\u00e1ndez Segura.<\/p>\n<p style=\"text-align: justify;\">El funcionario estatal coment\u00f3 que se ten\u00eda identificado a un grupo de aproximadamente 20 personas con quienes se estableci\u00f3 contacto oportuno, debido a que las tensiones en este conflicto escalaron.<\/p>\n<p style=\"text-align: justify;\">En otro orden de ideas el titular del IMEI se\u00f1al\u00f3 que aunque Estados Unidos sigue siendo el principal destino de migraci\u00f3n para los potosinos, cada vez m\u00e1s connacionales radican en otras regiones del mundo como Europa y Asia.<\/p>\n<p style=\"text-align: justify;\">En este contexto, coment\u00f3 que de acuerdo a datos del Instituto Nacional de Migraci\u00f3n cerca de 5 mil mexicanos viven en estos continentes, bajo esquemas de migraci\u00f3n regular trabajando de manera formal \u00f3 realizando alg\u00fan tipo de estudios.<\/p>\n<p style=\"text-align: justify;\">Por: Claudio Ibarra<\/p>\n","protected":false},"excerpt":{"rendered":"<p>SLP.-\u00a0Antes de que iniciara el conflicto b\u00e9lico en el Medio Oriente entre Estados Unidos e Ir\u00e1n potosinos radicados en esta regi\u00f3n lograron salir de esta regi\u00f3n, inform\u00f3 el titular del Instituto de Migraci\u00f3n y Enlace Internacional, Enrique Hern\u00e1ndez Segura. El funcionario estatal coment\u00f3 que se ten\u00eda identificado a un grupo de aproximadamente 20 personas con quienes se estableci\u00f3 contacto oportuno, debido a que las tensiones en este conflicto escalaron. En otro orden de ideas el titular del IMEI se\u00f1al\u00f3 que aunque Estados Unidos sigue siendo el principal destino de migraci\u00f3n para los potosinos, cada vez m\u00e1s connacionales radican en otras [&hellip;]<\/p>\n","protected":false},"author":2,"featured_media":199844,"comment_status":"closed","ping_status":"closed","sticky":false,"template":"","format":"video","meta":{"_monsterinsights_skip_tracking":false,"_monsterinsights_sitenote_active":false,"_monsterinsights_sitenote_note":"","_monsterinsights_sitenote_category":0,"footnotes":""},"categories":[5,510,45],"tags":[],"class_list":["post-199838","post","type-post","status-publish","format-video","has-post-thumbnail","hentry","category-destacadas","category-gobedoslp","category-localesyregionales","post_format-post-format-video","post--single"],"_links":{"self":[{"href":"https:\/\/canal7slp.tv\/2026\/wp-json\/wp\/v2\/posts\/199838","targetHints":{"allow":["GET"]}}],"collection":[{"href":"https:\/\/canal7slp.tv\/2026\/wp-json\/wp\/v2\/posts"}],"about":[{"href":"https:\/\/canal7slp.tv\/2026\/wp-json\/wp\/v2\/types\/post"}],"author":[{"embeddable":true,"href":"https:\/\/canal7slp.tv\/2026\/wp-json\/wp\/v2\/users\/2"}],"replies":[{"embeddable":true,"href":"https:\/\/canal7slp.tv\/2026\/wp-json\/wp\/v2\/comments?post=199838"}],"version-history":[{"count":2,"href":"https:\/\/canal7slp.tv\/2026\/wp-json\/wp\/v2\/posts\/199838\/revisions"}],"predecessor-version":[{"id":199845,"href":"https:\/\/canal7slp.tv\/2026\/wp-json\/wp\/v2\/posts\/199838\/revisions\/199845"}],"wp:featuredmedia":[{"embeddable":true,"href":"https:\/\/canal7slp.tv\/2026\/wp-json\/wp\/v2\/media\/199844"}],"wp:attachment":[{"href":"https:\/\/canal7slp.tv\/2026\/wp-json\/wp\/v2\/media?parent=199838"}],"wp:term":[{"taxonomy":"category","embeddable":true,"href":"https:\/\/canal7slp.tv\/2026\/wp-json\/wp\/v2\/categories?post=199838"},{"taxonomy":"post_tag","embeddable":true,"href":"https:\/\/canal7slp.tv\/2026\/wp-json\/wp\/v2\/tags?post=199838"}],"curies":[{"name":"wp","href":"https:\/\/api.w.org\/{rel}","templated":true}]}}