{"id":199784,"date":"2026-04-24T21:39:46","date_gmt":"2026-04-25T03:39:46","guid":{"rendered":"https:\/\/canal7slp.tv\/2026\/?p=199784"},"modified":"2026-04-24T21:39:46","modified_gmt":"2026-04-25T03:39:46","slug":"fuego-consume-vidriera-en-eje-132-evacuan-a-200-personas","status":"publish","type":"post","link":"https:\/\/canal7slp.tv\/2026\/fuego-consume-vidriera-en-eje-132-evacuan-a-200-personas\/","title":{"rendered":"Fuego consume vidriera en Eje 132; evac\u00faan a 200 personas"},"content":{"rendered":"<p style=\"text-align: justify;\">SLP.- La tarde de este viernes fue registrado un incendio en Industrial Vidriera del Potos\u00ed.<\/p>\n<p style=\"text-align: justify;\">La densa columna de humo fue captada desde distintos puntos.<\/p>\n<p style=\"text-align: justify;\">Cuerpos de emergencia evacuaron a 200 personas, en el complejo ubicado en el Eje 132 de Zona Industrial.<\/p>\n<p style=\"text-align: justify;\">Con base en el reporte oficial, ninguna persona falleci\u00f3 ni result\u00f3 lesionada.<\/p>\n<p style=\"text-align: justify;\">Ante el reporte, intervino el Heroico Cuerpo de Bomberos y agentes de la polic\u00eda; entre otros \u00f3rganos de auxilio y emergencia.<\/p>\n<p style=\"text-align: justify;\">Debido a la extensi\u00f3n de las llamas y altura del siniestro, en el momento fue recomendado evitar la zona y atender indicaciones de la autoridad.<\/p>\n<p style=\"text-align: justify;\">Derivado del dispositivo, el incendio de gran magnitud fue controlado.<\/p>\n<p>Por: Paulina Rodr\u00edguez<\/p>\n","protected":false},"excerpt":{"rendered":"<p>SLP.- La tarde de este viernes fue registrado un incendio en Industrial Vidriera del Potos\u00ed. La densa columna de humo fue captada desde distintos puntos. Cuerpos de emergencia evacuaron a 200 personas, en el complejo ubicado en el Eje 132 de Zona Industrial. Con base en el reporte oficial, ninguna persona falleci\u00f3 ni result\u00f3 lesionada. Ante el reporte, intervino el Heroico Cuerpo de Bomberos y agentes de la polic\u00eda; entre otros \u00f3rganos de auxilio y emergencia. Debido a la extensi\u00f3n de las llamas y altura del siniestro, en el momento fue recomendado evitar la zona y atender indicaciones de la [&hellip;]<\/p>\n","protected":false},"author":2,"featured_media":199793,"comment_status":"closed","ping_status":"closed","sticky":false,"template":"","format":"video","meta":{"_monsterinsights_skip_tracking":false,"_monsterinsights_sitenote_active":false,"_monsterinsights_sitenote_note":"","_monsterinsights_sitenote_category":0,"footnotes":""},"categories":[5,45],"tags":[],"class_list":["post-199784","post","type-post","status-publish","format-video","has-post-thumbnail","hentry","category-destacadas","category-localesyregionales","post_format-post-format-video","post--single"],"_links":{"self":[{"href":"https:\/\/canal7slp.tv\/2026\/wp-json\/wp\/v2\/posts\/199784","targetHints":{"allow":["GET"]}}],"collection":[{"href":"https:\/\/canal7slp.tv\/2026\/wp-json\/wp\/v2\/posts"}],"about":[{"href":"https:\/\/canal7slp.tv\/2026\/wp-json\/wp\/v2\/types\/post"}],"author":[{"embeddable":true,"href":"https:\/\/canal7slp.tv\/2026\/wp-json\/wp\/v2\/users\/2"}],"replies":[{"embeddable":true,"href":"https:\/\/canal7slp.tv\/2026\/wp-json\/wp\/v2\/comments?post=199784"}],"version-history":[{"count":2,"href":"https:\/\/canal7slp.tv\/2026\/wp-json\/wp\/v2\/posts\/199784\/revisions"}],"predecessor-version":[{"id":199794,"href":"https:\/\/canal7slp.tv\/2026\/wp-json\/wp\/v2\/posts\/199784\/revisions\/199794"}],"wp:featuredmedia":[{"embeddable":true,"href":"https:\/\/canal7slp.tv\/2026\/wp-json\/wp\/v2\/media\/199793"}],"wp:attachment":[{"href":"https:\/\/canal7slp.tv\/2026\/wp-json\/wp\/v2\/media?parent=199784"}],"wp:term":[{"taxonomy":"category","embeddable":true,"href":"https:\/\/canal7slp.tv\/2026\/wp-json\/wp\/v2\/categories?post=199784"},{"taxonomy":"post_tag","embeddable":true,"href":"https:\/\/canal7slp.tv\/2026\/wp-json\/wp\/v2\/tags?post=199784"}],"curies":[{"name":"wp","href":"https:\/\/api.w.org\/{rel}","templated":true}]}}