{"id":195928,"date":"2026-03-16T17:06:55","date_gmt":"2026-03-16T23:06:55","guid":{"rendered":"https:\/\/canal7slp.tv\/2026\/sancion-administrativa-posible-para-porcella-por-vestimenta-en-evento-2\/"},"modified":"2026-03-16T17:07:18","modified_gmt":"2026-03-16T23:07:18","slug":"sancion-administrativa-posible-para-porcella-por-vestimenta-en-evento-2","status":"publish","type":"post","link":"https:\/\/canal7slp.tv\/2026\/sancion-administrativa-posible-para-porcella-por-vestimenta-en-evento-2\/","title":{"rendered":"Sanci\u00f3n administrativa posible para Porcella por vestimenta en evento"},"content":{"rendered":"<p>Nicola Porcella podr\u00eda enfrentar una multa tras su participaci\u00f3n en el evento Ring Royale 2026. Durante su pelea contra Aldo de Nigris, el actor llev\u00f3 una vestimenta que inclu\u00eda el emblema nacional de M\u00e9xico. Esto ha generado un debate sobre el uso del s\u00edmbolo patrio en eventos no oficiales.<\/p>\n<p>La ley mexicana establece que el uso de emblemas nacionales est\u00e1 restringido a contextos espec\u00edficos. La sanci\u00f3n podr\u00eda implicar una multa administrativa, que se determinar\u00e1 seg\u00fan la gravedad de la infracci\u00f3n. Porcella se encuentra en el centro de una controversia que ha levantado opiniones encontradas entre sus seguidores y cr\u00edticos.<\/p>\n<p>Las autoridades correspondientes han iniciado una revisi\u00f3n del caso. Se espera que en los pr\u00f3ximos d\u00edas se tomen decisiones al respecto. El uso inadecuado de s\u00edmbolos patrios ha sido un tema sensible en el pa\u00eds.<\/p>\n<p>Este incidente pone de manifiesto la importancia de respetar las normativas sobre el uso de los emblemas nacionales. La situaci\u00f3n de Porcella sirve como recordatorio sobre la necesidad de una mayor conciencia sobre el respeto a los s\u00edmbolos de identidad nacional.<\/p>\n","protected":false},"excerpt":{"rendered":"<p>Nicola Porcella podr\u00eda enfrentar una multa tras su participaci\u00f3n en el evento Ring Royale 2026. Durante su pelea contra Aldo de Nigris, el actor llev\u00f3 una vestimenta que inclu\u00eda el emblema nacional de M\u00e9xico. Esto ha generado un debate sobre el uso del s\u00edmbolo patrio en eventos no oficiales. La ley mexicana establece que el uso de emblemas nacionales est\u00e1 restringido a contextos espec\u00edficos. La sanci\u00f3n podr\u00eda implicar una multa administrativa, que se determinar\u00e1 seg\u00fan la gravedad de la infracci\u00f3n. Porcella se encuentra en el centro de una controversia que ha levantado opiniones encontradas entre sus seguidores y cr\u00edticos. Las [&hellip;]<\/p>\n","protected":false},"author":2,"featured_media":195930,"comment_status":"closed","ping_status":"","sticky":false,"template":"","format":"standard","meta":{"_monsterinsights_skip_tracking":false,"_monsterinsights_sitenote_active":false,"_monsterinsights_sitenote_note":"","_monsterinsights_sitenote_category":0,"footnotes":""},"categories":[42],"tags":[],"class_list":["post-195928","post","type-post","status-publish","format-standard","has-post-thumbnail","hentry","category-espectaculos","post--single"],"_links":{"self":[{"href":"https:\/\/canal7slp.tv\/2026\/wp-json\/wp\/v2\/posts\/195928","targetHints":{"allow":["GET"]}}],"collection":[{"href":"https:\/\/canal7slp.tv\/2026\/wp-json\/wp\/v2\/posts"}],"about":[{"href":"https:\/\/canal7slp.tv\/2026\/wp-json\/wp\/v2\/types\/post"}],"author":[{"embeddable":true,"href":"https:\/\/canal7slp.tv\/2026\/wp-json\/wp\/v2\/users\/2"}],"replies":[{"embeddable":true,"href":"https:\/\/canal7slp.tv\/2026\/wp-json\/wp\/v2\/comments?post=195928"}],"version-history":[{"count":1,"href":"https:\/\/canal7slp.tv\/2026\/wp-json\/wp\/v2\/posts\/195928\/revisions"}],"predecessor-version":[{"id":195932,"href":"https:\/\/canal7slp.tv\/2026\/wp-json\/wp\/v2\/posts\/195928\/revisions\/195932"}],"wp:featuredmedia":[{"embeddable":true,"href":"https:\/\/canal7slp.tv\/2026\/wp-json\/wp\/v2\/media\/195930"}],"wp:attachment":[{"href":"https:\/\/canal7slp.tv\/2026\/wp-json\/wp\/v2\/media?parent=195928"}],"wp:term":[{"taxonomy":"category","embeddable":true,"href":"https:\/\/canal7slp.tv\/2026\/wp-json\/wp\/v2\/categories?post=195928"},{"taxonomy":"post_tag","embeddable":true,"href":"https:\/\/canal7slp.tv\/2026\/wp-json\/wp\/v2\/tags?post=195928"}],"curies":[{"name":"wp","href":"https:\/\/api.w.org\/{rel}","templated":true}]}}