{"id":195924,"date":"2026-03-16T12:11:57","date_gmt":"2026-03-16T18:11:57","guid":{"rendered":"https:\/\/canal7slp.tv\/2026\/sheinbaum-niega-influencias-en-profeco-sobre-demanda-contra-walmart\/"},"modified":"2026-03-16T12:12:22","modified_gmt":"2026-03-16T18:12:22","slug":"sheinbaum-niega-influencias-en-profeco-sobre-demanda-contra-walmart","status":"publish","type":"post","link":"https:\/\/canal7slp.tv\/2026\/sheinbaum-niega-influencias-en-profeco-sobre-demanda-contra-walmart\/","title":{"rendered":"Sheinbaum niega influencias en Profeco sobre demanda contra Walmart"},"content":{"rendered":"<p>La jefa de Gobierno de la Ciudad de M\u00e9xico, Claudia Sheinbaum, se pronunci\u00f3 sobre las acusaciones de influencias dentro de la Procuradur\u00eda Federal del Consumidor (Profeco), en relaci\u00f3n con la demanda colectiva de consumidores contra Walmart. Sheinbaum afirm\u00f3 que no existen presiones sobre esta instituci\u00f3n y que su funci\u00f3n es garantizar la protecci\u00f3n de los derechos de los consumidores.<\/p>\n<p>La Profeco ha comenzado el proceso de reunir a las personas afectadas por las pr\u00e1cticas comerciales de Walmart. Su objetivo es facilitar un proceso judicial que permita a los consumidores defender sus derechos. Este movimiento est\u00e1 enmarcado en el compromiso de la administraci\u00f3n de proteger el bienestar de los ciudadanos, ante situaciones de abuso por parte de empresas.<\/p>\n<p>Walmart enfrenta una demanda colectiva por pr\u00e1cticas que han sido consideradas injustas por un n\u00famero significativo de consumidores. Las quejas incluyen situaciones de publicidad enga\u00f1osa y precios inconsistentes en productos. La Profeco se ha ofrecido como intercesora para ayudar a quienes deseen formalizar sus reclamos.<\/p>\n<p>La respuesta de Sheinbaum busca reafirmar la transparencia y la independencia de la Profeco en este caso. La jefa de Gobierno destac\u00f3 que la administraci\u00f3n actuar\u00e1 en beneficio de los consumidores, y se comprometi\u00f3 a que se realizar\u00e1n las investigaciones necesarias para esclarecer los hechos.<\/p>\n","protected":false},"excerpt":{"rendered":"<p>La jefa de Gobierno de la Ciudad de M\u00e9xico, Claudia Sheinbaum, se pronunci\u00f3 sobre las acusaciones de influencias dentro de la Procuradur\u00eda Federal del Consumidor (Profeco), en relaci\u00f3n con la demanda colectiva de consumidores contra Walmart. Sheinbaum afirm\u00f3 que no existen presiones sobre esta instituci\u00f3n y que su funci\u00f3n es garantizar la protecci\u00f3n de los derechos de los consumidores. La Profeco ha comenzado el proceso de reunir a las personas afectadas por las pr\u00e1cticas comerciales de Walmart. Su objetivo es facilitar un proceso judicial que permita a los consumidores defender sus derechos. Este movimiento est\u00e1 enmarcado en el compromiso de [&hellip;]<\/p>\n","protected":false},"author":2,"featured_media":195925,"comment_status":"closed","ping_status":"","sticky":false,"template":"","format":"standard","meta":{"_monsterinsights_skip_tracking":false,"_monsterinsights_sitenote_active":false,"_monsterinsights_sitenote_note":"","_monsterinsights_sitenote_category":0,"footnotes":""},"categories":[46],"tags":[],"class_list":["post-195924","post","type-post","status-publish","format-standard","has-post-thumbnail","hentry","category-nacional","post--single"],"_links":{"self":[{"href":"https:\/\/canal7slp.tv\/2026\/wp-json\/wp\/v2\/posts\/195924","targetHints":{"allow":["GET"]}}],"collection":[{"href":"https:\/\/canal7slp.tv\/2026\/wp-json\/wp\/v2\/posts"}],"about":[{"href":"https:\/\/canal7slp.tv\/2026\/wp-json\/wp\/v2\/types\/post"}],"author":[{"embeddable":true,"href":"https:\/\/canal7slp.tv\/2026\/wp-json\/wp\/v2\/users\/2"}],"replies":[{"embeddable":true,"href":"https:\/\/canal7slp.tv\/2026\/wp-json\/wp\/v2\/comments?post=195924"}],"version-history":[{"count":1,"href":"https:\/\/canal7slp.tv\/2026\/wp-json\/wp\/v2\/posts\/195924\/revisions"}],"predecessor-version":[{"id":195926,"href":"https:\/\/canal7slp.tv\/2026\/wp-json\/wp\/v2\/posts\/195924\/revisions\/195926"}],"wp:featuredmedia":[{"embeddable":true,"href":"https:\/\/canal7slp.tv\/2026\/wp-json\/wp\/v2\/media\/195925"}],"wp:attachment":[{"href":"https:\/\/canal7slp.tv\/2026\/wp-json\/wp\/v2\/media?parent=195924"}],"wp:term":[{"taxonomy":"category","embeddable":true,"href":"https:\/\/canal7slp.tv\/2026\/wp-json\/wp\/v2\/categories?post=195924"},{"taxonomy":"post_tag","embeddable":true,"href":"https:\/\/canal7slp.tv\/2026\/wp-json\/wp\/v2\/tags?post=195924"}],"curies":[{"name":"wp","href":"https:\/\/api.w.org\/{rel}","templated":true}]}}