{"id":195891,"date":"2026-03-16T11:20:47","date_gmt":"2026-03-16T17:20:47","guid":{"rendered":"https:\/\/canal7slp.tv\/2026\/?p=195891"},"modified":"2026-03-16T11:20:47","modified_gmt":"2026-03-16T17:20:47","slug":"rioverde-seleccionada-como-sede-de-evento-regional-de-arte-y-cultura","status":"publish","type":"post","link":"https:\/\/canal7slp.tv\/2026\/rioverde-seleccionada-como-sede-de-evento-regional-de-arte-y-cultura\/","title":{"rendered":"Rioverde, seleccionada como sede de evento regional de arte y cultura"},"content":{"rendered":"<p style=\"text-align: justify;\">Rioverde. &#8211;<\/p>\n<p style=\"text-align: justify;\">El Instituto Tecnol\u00f3gico Superior de Rioverde, bajo el amparo del Tecnol\u00f3gico Nacional de M\u00e9xico, confirm\u00f3 en conferencia de prensa que la ciudad ha sido seleccionada como sede para el Evento Regional de Arte y Cultura. Este destacado encuentro, que se llevar\u00e1 a cabo del 16 al 19 de abril de 2026, congregar\u00e1 a j\u00f3venes talentos de todo el pa\u00eds en diversas disciplinas art\u00edsticas, tales como danza, pintura, teatro y canto.<\/p>\n<p style=\"text-align: justify;\">La Mtra. Rosa Mar\u00eda Mart\u00ednez Robles, directora general, junto a funcionarios municipales de turismo y cultura, destacaron el considerable impacto cultural y la significativa derrama econ\u00f3mica que este evento generar\u00e1 en la regi\u00f3n.<\/p>\n<p style=\"text-align: justify;\">Las exposiciones y presentaciones, abiertas al p\u00fablico, se distribuir\u00e1n en varios espacios culturales, incluyendo el Instituto de Arte y Cultura de Rioverde, el museo interactivo Colibr\u00ed, y el teatro Villa de Santa Elena, ubicado en Ciudad Fern\u00e1ndez.<\/p>\n<p style=\"text-align: justify;\">Para facilitar la visita de los estudiantes, municipios colindantes como Ray\u00f3n, San Ciro de Acosta y C\u00e1rdenas coordinaron esfuerzos para proporcionar transporte gratuito, permitiendo a los asistentes recorrer los sitios tur\u00edsticos m\u00e1s emblem\u00e1ticos de la Zona Media durante su estancia.<\/p>\n<p style=\"text-align: justify;\">Por: X\u00f3chitl Morales Castro.<\/p>\n","protected":false},"excerpt":{"rendered":"<p>Rioverde. &#8211; El Instituto Tecnol\u00f3gico Superior de Rioverde, bajo el amparo del Tecnol\u00f3gico Nacional de M\u00e9xico, confirm\u00f3 en conferencia de prensa que la ciudad ha sido seleccionada como sede para el Evento Regional de Arte y Cultura. Este destacado encuentro, que se llevar\u00e1 a cabo del 16 al 19 de abril de 2026, congregar\u00e1 a j\u00f3venes talentos de todo el pa\u00eds en diversas disciplinas art\u00edsticas, tales como danza, pintura, teatro y canto. La Mtra. Rosa Mar\u00eda Mart\u00ednez Robles, directora general, junto a funcionarios municipales de turismo y cultura, destacaron el considerable impacto cultural y la significativa derrama econ\u00f3mica que este [&hellip;]<\/p>\n","protected":false},"author":1,"featured_media":195892,"comment_status":"closed","ping_status":"closed","sticky":false,"template":"","format":"video","meta":{"_monsterinsights_skip_tracking":false,"_monsterinsights_sitenote_active":false,"_monsterinsights_sitenote_note":"","_monsterinsights_sitenote_category":0,"footnotes":""},"categories":[5,43],"tags":[],"class_list":["post-195891","post","type-post","status-publish","format-video","has-post-thumbnail","hentry","category-destacadas","category-interior","post_format-post-format-video","post--single"],"_links":{"self":[{"href":"https:\/\/canal7slp.tv\/2026\/wp-json\/wp\/v2\/posts\/195891","targetHints":{"allow":["GET"]}}],"collection":[{"href":"https:\/\/canal7slp.tv\/2026\/wp-json\/wp\/v2\/posts"}],"about":[{"href":"https:\/\/canal7slp.tv\/2026\/wp-json\/wp\/v2\/types\/post"}],"author":[{"embeddable":true,"href":"https:\/\/canal7slp.tv\/2026\/wp-json\/wp\/v2\/users\/1"}],"replies":[{"embeddable":true,"href":"https:\/\/canal7slp.tv\/2026\/wp-json\/wp\/v2\/comments?post=195891"}],"version-history":[{"count":1,"href":"https:\/\/canal7slp.tv\/2026\/wp-json\/wp\/v2\/posts\/195891\/revisions"}],"predecessor-version":[{"id":195893,"href":"https:\/\/canal7slp.tv\/2026\/wp-json\/wp\/v2\/posts\/195891\/revisions\/195893"}],"wp:featuredmedia":[{"embeddable":true,"href":"https:\/\/canal7slp.tv\/2026\/wp-json\/wp\/v2\/media\/195892"}],"wp:attachment":[{"href":"https:\/\/canal7slp.tv\/2026\/wp-json\/wp\/v2\/media?parent=195891"}],"wp:term":[{"taxonomy":"category","embeddable":true,"href":"https:\/\/canal7slp.tv\/2026\/wp-json\/wp\/v2\/categories?post=195891"},{"taxonomy":"post_tag","embeddable":true,"href":"https:\/\/canal7slp.tv\/2026\/wp-json\/wp\/v2\/tags?post=195891"}],"curies":[{"name":"wp","href":"https:\/\/api.w.org\/{rel}","templated":true}]}}