{"id":195873,"date":"2026-03-16T11:00:08","date_gmt":"2026-03-16T17:00:08","guid":{"rendered":"https:\/\/canal7slp.tv\/2026\/?p=195873"},"modified":"2026-03-16T11:00:08","modified_gmt":"2026-03-16T17:00:08","slug":"cuestiona-dirigente-estatal-del-pri-plan-b-de-la-reforma-electoral","status":"publish","type":"post","link":"https:\/\/canal7slp.tv\/2026\/cuestiona-dirigente-estatal-del-pri-plan-b-de-la-reforma-electoral\/","title":{"rendered":"CUESTIONA DIRIGENTE ESTATAL DEL PRI, PLAN B DE LA REFORMA ELECTORAL"},"content":{"rendered":"<p style=\"text-align: justify;\">La presidenta del Comit\u00e9 Directivo Estatal del PRI Sara Rocha Medina dijo estar en desacuerdo que dentro del Plan B de la reforma electoral de la presidenta Claudia Sheinbaum, se contemple un recorte presupuestal a congresos y municipios.<\/p>\n<p style=\"text-align: justify;\">Afirm\u00f3 que ello es una clara invasi\u00f3n a la autonom\u00eda del legislativo y de los municipios y que dijo, la misma Constituci\u00f3n establece.<\/p>\n<p style=\"text-align: justify;\">Asimismo, luego de que la presidenta de M\u00e9xico se\u00f1alara que algunos congresos estatales, entre ellos el de San Luis Potos\u00ed, sus diputados ganan millonarias percepciones incluso m\u00e1s que la misma presidenta, la tambi\u00e9n legisladora afirm\u00f3 que Claudia Sheimbaun exager\u00f3 en sus declaraciones.<\/p>\n<p style=\"text-align: justify;\">En este sentido, opin\u00f3 que el gobierno federal debe implementar programas de ahorro al asegurar que hay muchas dependencias de su gobierno en donde sus recursos, bien pueden reorientarse a programas sociales.<\/p>\n","protected":false},"excerpt":{"rendered":"<p>La presidenta del Comit\u00e9 Directivo Estatal del PRI Sara Rocha Medina dijo estar en desacuerdo que dentro del Plan B de la reforma electoral de la presidenta Claudia Sheinbaum, se contemple un recorte presupuestal a congresos y municipios. Afirm\u00f3 que ello es una clara invasi\u00f3n a la autonom\u00eda del legislativo y de los municipios y que dijo, la misma Constituci\u00f3n establece. Asimismo, luego de que la presidenta de M\u00e9xico se\u00f1alara que algunos congresos estatales, entre ellos el de San Luis Potos\u00ed, sus diputados ganan millonarias percepciones incluso m\u00e1s que la misma presidenta, la tambi\u00e9n legisladora afirm\u00f3 que Claudia Sheimbaun exager\u00f3 [&hellip;]<\/p>\n","protected":false},"author":1,"featured_media":195874,"comment_status":"closed","ping_status":"closed","sticky":false,"template":"","format":"video","meta":{"_monsterinsights_skip_tracking":false,"_monsterinsights_sitenote_active":false,"_monsterinsights_sitenote_note":"","_monsterinsights_sitenote_category":0,"footnotes":""},"categories":[5,45],"tags":[],"class_list":["post-195873","post","type-post","status-publish","format-video","has-post-thumbnail","hentry","category-destacadas","category-localesyregionales","post_format-post-format-video","post--single"],"_links":{"self":[{"href":"https:\/\/canal7slp.tv\/2026\/wp-json\/wp\/v2\/posts\/195873","targetHints":{"allow":["GET"]}}],"collection":[{"href":"https:\/\/canal7slp.tv\/2026\/wp-json\/wp\/v2\/posts"}],"about":[{"href":"https:\/\/canal7slp.tv\/2026\/wp-json\/wp\/v2\/types\/post"}],"author":[{"embeddable":true,"href":"https:\/\/canal7slp.tv\/2026\/wp-json\/wp\/v2\/users\/1"}],"replies":[{"embeddable":true,"href":"https:\/\/canal7slp.tv\/2026\/wp-json\/wp\/v2\/comments?post=195873"}],"version-history":[{"count":1,"href":"https:\/\/canal7slp.tv\/2026\/wp-json\/wp\/v2\/posts\/195873\/revisions"}],"predecessor-version":[{"id":195875,"href":"https:\/\/canal7slp.tv\/2026\/wp-json\/wp\/v2\/posts\/195873\/revisions\/195875"}],"wp:featuredmedia":[{"embeddable":true,"href":"https:\/\/canal7slp.tv\/2026\/wp-json\/wp\/v2\/media\/195874"}],"wp:attachment":[{"href":"https:\/\/canal7slp.tv\/2026\/wp-json\/wp\/v2\/media?parent=195873"}],"wp:term":[{"taxonomy":"category","embeddable":true,"href":"https:\/\/canal7slp.tv\/2026\/wp-json\/wp\/v2\/categories?post=195873"},{"taxonomy":"post_tag","embeddable":true,"href":"https:\/\/canal7slp.tv\/2026\/wp-json\/wp\/v2\/tags?post=195873"}],"curies":[{"name":"wp","href":"https:\/\/api.w.org\/{rel}","templated":true}]}}