{"id":195870,"date":"2026-03-16T10:51:56","date_gmt":"2026-03-16T16:51:56","guid":{"rendered":"https:\/\/canal7slp.tv\/2026\/?p=195870"},"modified":"2026-03-16T10:51:56","modified_gmt":"2026-03-16T16:51:56","slug":"festejan-priistas-97-anos-de-la-fundacion-de-su-partido","status":"publish","type":"post","link":"https:\/\/canal7slp.tv\/2026\/festejan-priistas-97-anos-de-la-fundacion-de-su-partido\/","title":{"rendered":"FESTEJAN PRIISTAS 97 A\u00d1OS DE LA FUNDACI\u00d3N DE SU PARTIDO"},"content":{"rendered":"<p style=\"text-align: justify;\">El Partido Revolucionario Institucional celebra 97 a\u00f1os de su fundaci\u00f3n al decir en su discurso que con ello, reafirma su compromiso con M\u00e9xico y sus causas sociales, destacando la trayectoria del partido a lo largo de su historia.<\/p>\n<p style=\"text-align: justify;\">En el Comit\u00e9 Directivo Estatal se llev\u00f3 a cabo tambi\u00e9n una ceremonia con un auditorio lleno en donde fue notoria la ausencia de algunos de los rostros m\u00e1s visibles del prismo local.<\/p>\n<p style=\"text-align: justify;\">En el inicio de su discurso su dirigente estatal Sara Rocha Medina destac\u00f3 que encuestas en el pa\u00eds han informado que alcaldes pri\u00edstas, han sido los mejor evaluados en el desempe\u00f1o de su cargo.<\/p>\n<p style=\"text-align: justify;\">Durante esta ceremonia la dirigencia estatal entreg\u00f3 reconocimientos p\u00f3stumos a destacados militantes como el exgobernador del estado Guillermo Fonseca \u00c1lvarez, Antonio Esper Bujaidar, Rafael Villalobos M\u00e1rquez, Ignacio Palacios Robledo y Jos\u00e9 Trinidad Ni\u00f1o Reyna, mismos que fueron recibidos por su familiares.<\/p>\n<p style=\"text-align: justify;\">En el evento por el 97 aniversario de la fundaci\u00f3n del PRI se esperaba la llegada del alcalde Enrique Galindo a la sede del partido, pero no asisti\u00f3.<\/p>\n<p style=\"text-align: justify;\">Sin embargo, ah\u00ed estaban quien fuera su dirigente estatal Miguel \u00c1ngel Mart\u00ednez Navarro y el director de Cultura Municipal Mart\u00edn Ju\u00e1rez C\u00f3rdova.<\/p>\n<p style=\"text-align: justify;\">En su mensaje, Sara Rocha Medina tambi\u00e9n tuvo palabras para el partido en el poder.<\/p>\n<p style=\"text-align: justify;\">La dirigente estatal del PRI asegur\u00f3 que su partido llega a su aniversario con respuestas claras para su militancia al afirmar que sigue siendo la mejor opci\u00f3n para M\u00e9xico y que adem\u00e1s, volver\u00e1 a gobernar en San Luis Potos\u00ed.<\/p>\n<p style=\"text-align: justify;\">\n","protected":false},"excerpt":{"rendered":"<p>El Partido Revolucionario Institucional celebra 97 a\u00f1os de su fundaci\u00f3n al decir en su discurso que con ello, reafirma su compromiso con M\u00e9xico y sus causas sociales, destacando la trayectoria del partido a lo largo de su historia. En el Comit\u00e9 Directivo Estatal se llev\u00f3 a cabo tambi\u00e9n una ceremonia con un auditorio lleno en donde fue notoria la ausencia de algunos de los rostros m\u00e1s visibles del prismo local. En el inicio de su discurso su dirigente estatal Sara Rocha Medina destac\u00f3 que encuestas en el pa\u00eds han informado que alcaldes pri\u00edstas, han sido los mejor evaluados en el [&hellip;]<\/p>\n","protected":false},"author":1,"featured_media":195871,"comment_status":"closed","ping_status":"closed","sticky":false,"template":"","format":"video","meta":{"_monsterinsights_skip_tracking":false,"_monsterinsights_sitenote_active":false,"_monsterinsights_sitenote_note":"","_monsterinsights_sitenote_category":0,"footnotes":""},"categories":[5,45],"tags":[],"class_list":["post-195870","post","type-post","status-publish","format-video","has-post-thumbnail","hentry","category-destacadas","category-localesyregionales","post_format-post-format-video","post--single"],"_links":{"self":[{"href":"https:\/\/canal7slp.tv\/2026\/wp-json\/wp\/v2\/posts\/195870","targetHints":{"allow":["GET"]}}],"collection":[{"href":"https:\/\/canal7slp.tv\/2026\/wp-json\/wp\/v2\/posts"}],"about":[{"href":"https:\/\/canal7slp.tv\/2026\/wp-json\/wp\/v2\/types\/post"}],"author":[{"embeddable":true,"href":"https:\/\/canal7slp.tv\/2026\/wp-json\/wp\/v2\/users\/1"}],"replies":[{"embeddable":true,"href":"https:\/\/canal7slp.tv\/2026\/wp-json\/wp\/v2\/comments?post=195870"}],"version-history":[{"count":1,"href":"https:\/\/canal7slp.tv\/2026\/wp-json\/wp\/v2\/posts\/195870\/revisions"}],"predecessor-version":[{"id":195872,"href":"https:\/\/canal7slp.tv\/2026\/wp-json\/wp\/v2\/posts\/195870\/revisions\/195872"}],"wp:featuredmedia":[{"embeddable":true,"href":"https:\/\/canal7slp.tv\/2026\/wp-json\/wp\/v2\/media\/195871"}],"wp:attachment":[{"href":"https:\/\/canal7slp.tv\/2026\/wp-json\/wp\/v2\/media?parent=195870"}],"wp:term":[{"taxonomy":"category","embeddable":true,"href":"https:\/\/canal7slp.tv\/2026\/wp-json\/wp\/v2\/categories?post=195870"},{"taxonomy":"post_tag","embeddable":true,"href":"https:\/\/canal7slp.tv\/2026\/wp-json\/wp\/v2\/tags?post=195870"}],"curies":[{"name":"wp","href":"https:\/\/api.w.org\/{rel}","templated":true}]}}