{"id":195867,"date":"2026-03-16T10:47:38","date_gmt":"2026-03-16T16:47:38","guid":{"rendered":"https:\/\/canal7slp.tv\/2026\/?p=195867"},"modified":"2026-03-16T10:47:38","modified_gmt":"2026-03-16T16:47:38","slug":"una-solo-se-vuelve-vieja-cuando-el-pasado-es-mas-interesante-que-el-futuro-recordo-en-slp-gabriela-warkentin","status":"publish","type":"post","link":"https:\/\/canal7slp.tv\/2026\/una-solo-se-vuelve-vieja-cuando-el-pasado-es-mas-interesante-que-el-futuro-recordo-en-slp-gabriela-warkentin\/","title":{"rendered":"\u201cUna solo se vuelve vieja, cuando el pasado es m\u00e1s interesante que el futuro\u201d, record\u00f3 en SLP, Gabriela Warkentin"},"content":{"rendered":"<p style=\"text-align: justify;\">Conferencista En el marco del ciclo \u201c8M: Unidas somos m\u00e1s poderosas\u201d realizado por el Ayuntamiento de San Luis Potos\u00ed, la comunicadora Gabriela Warkentin ofreci\u00f3 la conferencia magistral: \u201cAvances visibles, barreras invisibles\u201d en el Centro de Negocios Potos\u00ed con una nutrida asistencia.<\/p>\n<p style=\"text-align: justify;\">\u201cMi cabeza siempre est\u00e1 as\u00ed como saturada, siempre estoy en lo que pasa ahorita, lo que pas\u00f3 ayer, lo que viene (\u2026) y casi siempre cuando me invitan a dar alguna conferencia, me dicen, oye, nos puedes hablar de c\u00f3mo vez a M\u00e9xico y c\u00f3mo vez al mundo y c\u00f3mo vez cuantas cosas, hoy no vengo a hablar de eso, hoy no vengo a hablar de eso porque yo tambi\u00e9n necesito un respiro y porque yo les vengo a hablar hoy de que a veces necesitamos un respiro\u201d.<\/p>\n<p style=\"text-align: justify;\">Asever\u00f3 que el d\u00eda a d\u00eda es ajetreado de m\u00faltiples formas, por lo que se\u00f1al\u00f3 que tomarse una pausa es totalmente necesario.<\/p>\n<p style=\"text-align: justify;\">\u201cY necesitamos aprender a estar m\u00e1s en nuestro presente y a mirarnos de otra manera, hoy les vengo a hablar de eso\u201d.<\/p>\n<p style=\"text-align: justify;\">Se\u00f1al\u00f3 que hay que dejar en claro el panorama actual que vive la mujer.<\/p>\n<p style=\"text-align: justify;\">\u201cPodr\u00edamos hablar de que M\u00e9xico es un pa\u00eds donde se comenten feminicidios, seguimos siendo un pa\u00eds muy feminicida, ah\u00ed est\u00e1 (\u2026) las mujeres mayoritariamente cuando son encarceladas viven condiciones de absoluta soledad, de absoluta injusticia, de absoluta tristeza\u201d.<\/p>\n<p style=\"text-align: justify;\">Ver a futuro con \u00e1nimo y desaf\u00edo, es fundamental para romper las barreras.<\/p>\n<p style=\"text-align: justify;\">\u201cAs\u00ed que yo las y los invito a que todas las ma\u00f1anas piensen si para ustedes todav\u00eda el futuro es m\u00e1s interesante que su pasado y si s\u00ed, vamos a darle, porque es la forma en que podemos precisamente vencer muchas de las barreras que todav\u00eda existen\u201d.<\/p>\n","protected":false},"excerpt":{"rendered":"<p>Conferencista En el marco del ciclo \u201c8M: Unidas somos m\u00e1s poderosas\u201d realizado por el Ayuntamiento de San Luis Potos\u00ed, la comunicadora Gabriela Warkentin ofreci\u00f3 la conferencia magistral: \u201cAvances visibles, barreras invisibles\u201d en el Centro de Negocios Potos\u00ed con una nutrida asistencia. \u201cMi cabeza siempre est\u00e1 as\u00ed como saturada, siempre estoy en lo que pasa ahorita, lo que pas\u00f3 ayer, lo que viene (\u2026) y casi siempre cuando me invitan a dar alguna conferencia, me dicen, oye, nos puedes hablar de c\u00f3mo vez a M\u00e9xico y c\u00f3mo vez al mundo y c\u00f3mo vez cuantas cosas, hoy no vengo a hablar de [&hellip;]<\/p>\n","protected":false},"author":1,"featured_media":195868,"comment_status":"closed","ping_status":"closed","sticky":false,"template":"","format":"video","meta":{"_monsterinsights_skip_tracking":false,"_monsterinsights_sitenote_active":false,"_monsterinsights_sitenote_note":"","_monsterinsights_sitenote_category":0,"footnotes":""},"categories":[66,5,45],"tags":[],"class_list":["post-195867","post","type-post","status-publish","format-video","has-post-thumbnail","hentry","category-ayoslp","category-destacadas","category-localesyregionales","post_format-post-format-video","post--single"],"_links":{"self":[{"href":"https:\/\/canal7slp.tv\/2026\/wp-json\/wp\/v2\/posts\/195867","targetHints":{"allow":["GET"]}}],"collection":[{"href":"https:\/\/canal7slp.tv\/2026\/wp-json\/wp\/v2\/posts"}],"about":[{"href":"https:\/\/canal7slp.tv\/2026\/wp-json\/wp\/v2\/types\/post"}],"author":[{"embeddable":true,"href":"https:\/\/canal7slp.tv\/2026\/wp-json\/wp\/v2\/users\/1"}],"replies":[{"embeddable":true,"href":"https:\/\/canal7slp.tv\/2026\/wp-json\/wp\/v2\/comments?post=195867"}],"version-history":[{"count":1,"href":"https:\/\/canal7slp.tv\/2026\/wp-json\/wp\/v2\/posts\/195867\/revisions"}],"predecessor-version":[{"id":195869,"href":"https:\/\/canal7slp.tv\/2026\/wp-json\/wp\/v2\/posts\/195867\/revisions\/195869"}],"wp:featuredmedia":[{"embeddable":true,"href":"https:\/\/canal7slp.tv\/2026\/wp-json\/wp\/v2\/media\/195868"}],"wp:attachment":[{"href":"https:\/\/canal7slp.tv\/2026\/wp-json\/wp\/v2\/media?parent=195867"}],"wp:term":[{"taxonomy":"category","embeddable":true,"href":"https:\/\/canal7slp.tv\/2026\/wp-json\/wp\/v2\/categories?post=195867"},{"taxonomy":"post_tag","embeddable":true,"href":"https:\/\/canal7slp.tv\/2026\/wp-json\/wp\/v2\/tags?post=195867"}],"curies":[{"name":"wp","href":"https:\/\/api.w.org\/{rel}","templated":true}]}}