{"id":195858,"date":"2026-03-15T22:56:03","date_gmt":"2026-03-16T04:56:03","guid":{"rendered":"https:\/\/canal7slp.tv\/2026\/victor-trujillo-cuestiona-apoyo-de-amlo-a-cuba-por-ong-recien-creada\/"},"modified":"2026-03-15T22:56:21","modified_gmt":"2026-03-16T04:56:21","slug":"victor-trujillo-cuestiona-apoyo-de-amlo-a-cuba-por-ong-recien-creada","status":"publish","type":"post","link":"https:\/\/canal7slp.tv\/2026\/victor-trujillo-cuestiona-apoyo-de-amlo-a-cuba-por-ong-recien-creada\/","title":{"rendered":"V\u00edctor Trujillo cuestiona apoyo de AMLO a Cuba por ONG reci\u00e9n creada"},"content":{"rendered":"<p>El comunicador V\u00edctor Trujillo ha expresado su rechazo al llamado del presidente Andr\u00e9s Manuel L\u00f3pez Obrador (AMLO) para que se apoye a Cuba a trav\u00e9s de una organizaci\u00f3n no gubernamental (ONG) vinculada a su c\u00edrculo cercano. Trujillo considera que esta iniciativa es inapropiada y le ha sugerido a AMLO que se retire de la pol\u00edtica, argumentando que su administraci\u00f3n ha causado un gran da\u00f1o al pa\u00eds.<\/p>\n<p>La controversia surge tras una investigaci\u00f3n que revel\u00f3 que la ONG mencionada por el presidente fue establecida apenas seis d\u00edas antes del llamado a la solidaridad con Cuba. Este hecho ha levantado suspicacias sobre la legitimidad y los objetivos de la fundaci\u00f3n, lo que ha intensificado las cr\u00edticas hacia el gobierno de L\u00f3pez Obrador.<\/p>\n<p>Trujillo ha instado a la ciudadan\u00eda a cuestionar las acciones del presidente y a mantenerse alerta ante posibles irregularidades relacionadas con fondos p\u00fablicos y su uso por parte de organizaciones ligadas al gobierno. El comunicador enfatiza la importancia de la transparencia en las operaciones gubernamentales, especialmente en contextos de crisis como el que atraviesa Cuba.<\/p>\n<p>Las declaraciones de Trujillo se suman a un creciente rechazo a las decisiones del gobierno en materia de pol\u00edtica exterior. El debate sobre el apoyo a Cuba y la utilizaci\u00f3n de recursos a trav\u00e9s de ONGs plantea interrogantes sobre la responsabilidad del gobierno mexicano en el manejo de su pol\u00edtica internacional.<\/p>\n","protected":false},"excerpt":{"rendered":"<p>El comunicador V\u00edctor Trujillo ha expresado su rechazo al llamado del presidente Andr\u00e9s Manuel L\u00f3pez Obrador (AMLO) para que se apoye a Cuba a trav\u00e9s de una organizaci\u00f3n no gubernamental (ONG) vinculada a su c\u00edrculo cercano. Trujillo considera que esta iniciativa es inapropiada y le ha sugerido a AMLO que se retire de la pol\u00edtica, argumentando que su administraci\u00f3n ha causado un gran da\u00f1o al pa\u00eds. La controversia surge tras una investigaci\u00f3n que revel\u00f3 que la ONG mencionada por el presidente fue establecida apenas seis d\u00edas antes del llamado a la solidaridad con Cuba. Este hecho ha levantado suspicacias sobre [&hellip;]<\/p>\n","protected":false},"author":2,"featured_media":195859,"comment_status":"closed","ping_status":"","sticky":false,"template":"","format":"standard","meta":{"_monsterinsights_skip_tracking":false,"_monsterinsights_sitenote_active":false,"_monsterinsights_sitenote_note":"","_monsterinsights_sitenote_category":0,"footnotes":""},"categories":[46],"tags":[],"class_list":["post-195858","post","type-post","status-publish","format-standard","has-post-thumbnail","hentry","category-nacional","post--single"],"_links":{"self":[{"href":"https:\/\/canal7slp.tv\/2026\/wp-json\/wp\/v2\/posts\/195858","targetHints":{"allow":["GET"]}}],"collection":[{"href":"https:\/\/canal7slp.tv\/2026\/wp-json\/wp\/v2\/posts"}],"about":[{"href":"https:\/\/canal7slp.tv\/2026\/wp-json\/wp\/v2\/types\/post"}],"author":[{"embeddable":true,"href":"https:\/\/canal7slp.tv\/2026\/wp-json\/wp\/v2\/users\/2"}],"replies":[{"embeddable":true,"href":"https:\/\/canal7slp.tv\/2026\/wp-json\/wp\/v2\/comments?post=195858"}],"version-history":[{"count":1,"href":"https:\/\/canal7slp.tv\/2026\/wp-json\/wp\/v2\/posts\/195858\/revisions"}],"predecessor-version":[{"id":195860,"href":"https:\/\/canal7slp.tv\/2026\/wp-json\/wp\/v2\/posts\/195858\/revisions\/195860"}],"wp:featuredmedia":[{"embeddable":true,"href":"https:\/\/canal7slp.tv\/2026\/wp-json\/wp\/v2\/media\/195859"}],"wp:attachment":[{"href":"https:\/\/canal7slp.tv\/2026\/wp-json\/wp\/v2\/media?parent=195858"}],"wp:term":[{"taxonomy":"category","embeddable":true,"href":"https:\/\/canal7slp.tv\/2026\/wp-json\/wp\/v2\/categories?post=195858"},{"taxonomy":"post_tag","embeddable":true,"href":"https:\/\/canal7slp.tv\/2026\/wp-json\/wp\/v2\/tags?post=195858"}],"curies":[{"name":"wp","href":"https:\/\/api.w.org\/{rel}","templated":true}]}}