{"id":195849,"date":"2026-03-15T22:44:55","date_gmt":"2026-03-16T04:44:55","guid":{"rendered":"https:\/\/canal7slp.tv\/2026\/ejercito-detiene-a-clave-figura-en-la-lucha-contra-el-mencho\/"},"modified":"2026-03-15T22:45:15","modified_gmt":"2026-03-16T04:45:15","slug":"ejercito-detiene-a-clave-figura-en-la-lucha-contra-el-mencho","status":"publish","type":"post","link":"https:\/\/canal7slp.tv\/2026\/ejercito-detiene-a-clave-figura-en-la-lucha-contra-el-mencho\/","title":{"rendered":"Ej\u00e9rcito detiene a clave figura en la lucha contra El Mencho"},"content":{"rendered":"<p>Jos\u00e9 \u201cN\u201d, un operador log\u00edstico del C\u00e1rtel Jalisco Nueva Generaci\u00f3n (CJNG) y considerado clave en las operaciones contra su l\u00edder, Nemesio Oseguera Cervantes, conocido como El Mencho, ha sido detenido en Jalisco. La captura fue realizada por agentes de las Fuerzas Especiales del Ej\u00e9rcito en una operaci\u00f3n planeada y ejecutada en las \u00faltimas horas.<\/p>\n<p>Seg\u00fan fuentes oficiales, Jos\u00e9 \u201cN\u201d era responsable de coordinar y facilitar el movimiento de recursos y suministros dentro del c\u00e1rtel. Su detenci\u00f3n se enmarca en una serie de operativos contra el CJNG, que buscan debilitar la estructura delictiva de esta organizaci\u00f3n, una de las m\u00e1s poderosas en M\u00e9xico.<\/p>\n<p>Las autoridades han se\u00f1alado que la captura de este individuo es un golpe significativo para el CJNG, dado su papel como intermediario en diversas actividades il\u00edcitas. Se espera que su arresto proporcione informaci\u00f3n valiosa sobre las operaciones del c\u00e1rtel y sus integrantes.<\/p>\n<p>El Gobierno mexicano ha incrementado los esfuerzos para desarticular al CJNG. La detenci\u00f3n de Jos\u00e9 \u201cN\u201d forma parte de esta estrategia, que busca poner fin a la violencia y delincuencia generadas por esta organizaci\u00f3n criminal en el pa\u00eds.<\/p>\n","protected":false},"excerpt":{"rendered":"<p>Jos\u00e9 \u201cN\u201d, un operador log\u00edstico del C\u00e1rtel Jalisco Nueva Generaci\u00f3n (CJNG) y considerado clave en las operaciones contra su l\u00edder, Nemesio Oseguera Cervantes, conocido como El Mencho, ha sido detenido en Jalisco. La captura fue realizada por agentes de las Fuerzas Especiales del Ej\u00e9rcito en una operaci\u00f3n planeada y ejecutada en las \u00faltimas horas. Seg\u00fan fuentes oficiales, Jos\u00e9 \u201cN\u201d era responsable de coordinar y facilitar el movimiento de recursos y suministros dentro del c\u00e1rtel. Su detenci\u00f3n se enmarca en una serie de operativos contra el CJNG, que buscan debilitar la estructura delictiva de esta organizaci\u00f3n, una de las m\u00e1s poderosas [&hellip;]<\/p>\n","protected":false},"author":2,"featured_media":195850,"comment_status":"closed","ping_status":"","sticky":false,"template":"","format":"standard","meta":{"_monsterinsights_skip_tracking":false,"_monsterinsights_sitenote_active":false,"_monsterinsights_sitenote_note":"","_monsterinsights_sitenote_category":0,"footnotes":""},"categories":[46],"tags":[],"class_list":["post-195849","post","type-post","status-publish","format-standard","has-post-thumbnail","hentry","category-nacional","post--single"],"_links":{"self":[{"href":"https:\/\/canal7slp.tv\/2026\/wp-json\/wp\/v2\/posts\/195849","targetHints":{"allow":["GET"]}}],"collection":[{"href":"https:\/\/canal7slp.tv\/2026\/wp-json\/wp\/v2\/posts"}],"about":[{"href":"https:\/\/canal7slp.tv\/2026\/wp-json\/wp\/v2\/types\/post"}],"author":[{"embeddable":true,"href":"https:\/\/canal7slp.tv\/2026\/wp-json\/wp\/v2\/users\/2"}],"replies":[{"embeddable":true,"href":"https:\/\/canal7slp.tv\/2026\/wp-json\/wp\/v2\/comments?post=195849"}],"version-history":[{"count":1,"href":"https:\/\/canal7slp.tv\/2026\/wp-json\/wp\/v2\/posts\/195849\/revisions"}],"predecessor-version":[{"id":195851,"href":"https:\/\/canal7slp.tv\/2026\/wp-json\/wp\/v2\/posts\/195849\/revisions\/195851"}],"wp:featuredmedia":[{"embeddable":true,"href":"https:\/\/canal7slp.tv\/2026\/wp-json\/wp\/v2\/media\/195850"}],"wp:attachment":[{"href":"https:\/\/canal7slp.tv\/2026\/wp-json\/wp\/v2\/media?parent=195849"}],"wp:term":[{"taxonomy":"category","embeddable":true,"href":"https:\/\/canal7slp.tv\/2026\/wp-json\/wp\/v2\/categories?post=195849"},{"taxonomy":"post_tag","embeddable":true,"href":"https:\/\/canal7slp.tv\/2026\/wp-json\/wp\/v2\/tags?post=195849"}],"curies":[{"name":"wp","href":"https:\/\/api.w.org\/{rel}","templated":true}]}}