{"id":195830,"date":"2026-03-15T13:02:59","date_gmt":"2026-03-15T19:02:59","guid":{"rendered":"https:\/\/canal7slp.tv\/2026\/tragedia-hijo-del-socio-de-att-en-mexico-muere-en-accidente\/"},"modified":"2026-03-15T13:03:20","modified_gmt":"2026-03-15T19:03:20","slug":"tragedia-hijo-del-socio-de-att-en-mexico-muere-en-accidente","status":"publish","type":"post","link":"https:\/\/canal7slp.tv\/2026\/tragedia-hijo-del-socio-de-att-en-mexico-muere-en-accidente\/","title":{"rendered":"Tragedia: Hijo del socio de AT&#038;T en M\u00e9xico muere en accidente"},"content":{"rendered":"<p>El accidente ocurrido en la carretera hacia Valle de Bravo ha dejado un saldo tr\u00e1gico. Entre las v\u00edctimas se encuentra el hijo del director del principal socio de AT&#038;T en M\u00e9xico. Esta noticia ha conmocionado al sector empresarial y a la comunidad en general.<\/p>\n<p>Las autoridades han reportado que el incidente se produjo en las primeras horas de la ma\u00f1ana. Varios veh\u00edculos estuvieron involucrados, provocando un choque m\u00faltiple. Los servicios de emergencia llegaron r\u00e1pidamente al lugar, pero lamentablemente no pudieron salvar a todos los ocupantes.<\/p>\n<p>El fallecido era una figura conocida dentro del entorno empresarial, lo que a\u00f1ade un impacto significativo a esta tragedia. AT&#038;T, como empresa, ha expresado su pesar por lo sucedido. La corporaci\u00f3n ha se\u00f1alado que est\u00e1n en contacto con la familia de las v\u00edctimas y brindando apoyo en este dif\u00edcil momento.<\/p>\n<p>Este accidente resalta la importancia de la seguridad vial en el pa\u00eds. Las autoridades locales han iniciado una investigaci\u00f3n para determinar las causas del incidente y mejorar las condiciones de las carreteras. La comunidad espera que se tomen medidas para evitar tragedias similares en el futuro.<\/p>\n","protected":false},"excerpt":{"rendered":"<p>El accidente ocurrido en la carretera hacia Valle de Bravo ha dejado un saldo tr\u00e1gico. Entre las v\u00edctimas se encuentra el hijo del director del principal socio de AT&#038;T en M\u00e9xico. Esta noticia ha conmocionado al sector empresarial y a la comunidad en general. Las autoridades han reportado que el incidente se produjo en las primeras horas de la ma\u00f1ana. Varios veh\u00edculos estuvieron involucrados, provocando un choque m\u00faltiple. Los servicios de emergencia llegaron r\u00e1pidamente al lugar, pero lamentablemente no pudieron salvar a todos los ocupantes. El fallecido era una figura conocida dentro del entorno empresarial, lo que a\u00f1ade un impacto [&hellip;]<\/p>\n","protected":false},"author":2,"featured_media":195831,"comment_status":"closed","ping_status":"","sticky":false,"template":"","format":"standard","meta":{"_monsterinsights_skip_tracking":false,"_monsterinsights_sitenote_active":false,"_monsterinsights_sitenote_note":"","_monsterinsights_sitenote_category":0,"footnotes":""},"categories":[46],"tags":[],"class_list":["post-195830","post","type-post","status-publish","format-standard","has-post-thumbnail","hentry","category-nacional","post--single"],"_links":{"self":[{"href":"https:\/\/canal7slp.tv\/2026\/wp-json\/wp\/v2\/posts\/195830","targetHints":{"allow":["GET"]}}],"collection":[{"href":"https:\/\/canal7slp.tv\/2026\/wp-json\/wp\/v2\/posts"}],"about":[{"href":"https:\/\/canal7slp.tv\/2026\/wp-json\/wp\/v2\/types\/post"}],"author":[{"embeddable":true,"href":"https:\/\/canal7slp.tv\/2026\/wp-json\/wp\/v2\/users\/2"}],"replies":[{"embeddable":true,"href":"https:\/\/canal7slp.tv\/2026\/wp-json\/wp\/v2\/comments?post=195830"}],"version-history":[{"count":1,"href":"https:\/\/canal7slp.tv\/2026\/wp-json\/wp\/v2\/posts\/195830\/revisions"}],"predecessor-version":[{"id":195832,"href":"https:\/\/canal7slp.tv\/2026\/wp-json\/wp\/v2\/posts\/195830\/revisions\/195832"}],"wp:featuredmedia":[{"embeddable":true,"href":"https:\/\/canal7slp.tv\/2026\/wp-json\/wp\/v2\/media\/195831"}],"wp:attachment":[{"href":"https:\/\/canal7slp.tv\/2026\/wp-json\/wp\/v2\/media?parent=195830"}],"wp:term":[{"taxonomy":"category","embeddable":true,"href":"https:\/\/canal7slp.tv\/2026\/wp-json\/wp\/v2\/categories?post=195830"},{"taxonomy":"post_tag","embeddable":true,"href":"https:\/\/canal7slp.tv\/2026\/wp-json\/wp\/v2\/tags?post=195830"}],"curies":[{"name":"wp","href":"https:\/\/api.w.org\/{rel}","templated":true}]}}