{"id":195815,"date":"2026-03-15T11:35:04","date_gmt":"2026-03-15T17:35:04","guid":{"rendered":"https:\/\/canal7slp.tv\/2026\/?p=195815"},"modified":"2026-03-14T22:06:50","modified_gmt":"2026-03-15T04:06:50","slug":"problema-estructural-de-productividad-detras-del-bajo-crecimiento-advierten-analistas","status":"publish","type":"post","link":"https:\/\/canal7slp.tv\/2026\/problema-estructural-de-productividad-detras-del-bajo-crecimiento-advierten-analistas\/","title":{"rendered":"Problema estructural de productividad, detr\u00e1s del bajo crecimiento; advierten analistas"},"content":{"rendered":"<p style=\"text-align: justify;\">El bajo crecimiento econ\u00f3mico registrado en M\u00e9xico durante las \u00faltimas d\u00e9cadas no se explica por factores coyunturales como la incertidumbre en torno al Tratado entre M\u00e9xico, Estados Unidos y Canad\u00e1 (T-MEC) o tensiones geopol\u00edticas internacionales.<\/p>\n<p style=\"text-align: justify;\">Se trata de un problema estructural de productividad que arrastra desde hace al menos 25 a\u00f1os.<\/p>\n<p style=\"text-align: justify;\">Analistas explican que el desempe\u00f1o econ\u00f3mico del pa\u00eds ha sido persistentemente d\u00e9bil.<\/p>\n<p style=\"text-align: justify;\">No puede atribuirse \u00fanicamente a episodios de incertidumbre externa o a cambios en el entorno internacional.<\/p>\n<p style=\"text-align: justify;\">El se\u00f1alamiento ocurre luego de que instituciones financieras estimaran que la econom\u00eda mexicana crecer\u00e1 apenas 1.3 por ciento en 2026 -tasa que refleja la desaceleraci\u00f3n que ha caracterizado al pa\u00eds durante las \u00faltimas d\u00e9cadas-.<\/p>\n<p style=\"text-align: justify;\">Se ha considerado que el crecimiento econ\u00f3mico de M\u00e9xico en los \u00faltimos 25 a\u00f1os, ha sido \u201cprobablemente el m\u00e1s mediocre o uno de los m\u00e1s mediocres de toda Am\u00e9rica Latina\u201d&#8230; situaci\u00f3n que est\u00e1 estrechamente vinculada con la ca\u00edda de la productividad.<\/p>\n<p style=\"text-align: justify;\">Es decir, con la eficiencia con la que la econom\u00eda utiliza recursos para generar bienes y servicios.<\/p>\n<p style=\"text-align: justify;\">\u00abNo es un problema de estabilidad macro, no es un problema de que no hay suficientes exportaciones, no es un problema de que no hay suficiente inversi\u00f3n\u201d, reiteran analistas.<\/p>\n<p style=\"text-align: justify;\">El problema fundamental es que resultar\u00eda imposible esperar una alta tasa de crecimiento cuando la productividad cae.<\/p>\n<p style=\"text-align: justify;\">Aunque factores de corto plazo, como posibles revisiones al T-MEC o conflictos internacionales -por ejemplo, tensiones en Medio Oriente- generan episodios de incertidumbre.<\/p>\n<p style=\"text-align: justify;\">Estos elementos no explican por s\u00ed solos el desempe\u00f1o econ\u00f3mico del pa\u00eds.<\/p>\n<p style=\"text-align: justify;\">Incluso en periodos sin estos choques externos, el crecimiento econ\u00f3mico ha permanecido limitado.<\/p>\n<p style=\"text-align: justify;\">En ese contexto, el aumento de exportaciones manufactureras que M\u00e9xico ha experimentado desde la entrada en vigor del Tratado de Libre Comercio de Am\u00e9rica del Norte (TLCAN) y posteriormente del T-MEC no ha logrado revertir el problema estructural de productividad.<\/p>\n","protected":false},"excerpt":{"rendered":"<p>El bajo crecimiento econ\u00f3mico registrado en M\u00e9xico durante las \u00faltimas d\u00e9cadas no se explica por factores coyunturales como la incertidumbre en torno al Tratado entre M\u00e9xico, Estados Unidos y Canad\u00e1 (T-MEC) o tensiones geopol\u00edticas internacionales. Se trata de un problema estructural de productividad que arrastra desde hace al menos 25 a\u00f1os. Analistas explican que el desempe\u00f1o econ\u00f3mico del pa\u00eds ha sido persistentemente d\u00e9bil. No puede atribuirse \u00fanicamente a episodios de incertidumbre externa o a cambios en el entorno internacional. El se\u00f1alamiento ocurre luego de que instituciones financieras estimaran que la econom\u00eda mexicana crecer\u00e1 apenas 1.3 por ciento en 2026 -tasa [&hellip;]<\/p>\n","protected":false},"author":1,"featured_media":195816,"comment_status":"closed","ping_status":"closed","sticky":false,"template":"","format":"video","meta":{"_monsterinsights_skip_tracking":false,"_monsterinsights_sitenote_active":false,"_monsterinsights_sitenote_note":"","_monsterinsights_sitenote_category":0,"footnotes":""},"categories":[5,46],"tags":[],"class_list":["post-195815","post","type-post","status-publish","format-video","has-post-thumbnail","hentry","category-destacadas","category-nacional","post_format-post-format-video","post--single"],"_links":{"self":[{"href":"https:\/\/canal7slp.tv\/2026\/wp-json\/wp\/v2\/posts\/195815","targetHints":{"allow":["GET"]}}],"collection":[{"href":"https:\/\/canal7slp.tv\/2026\/wp-json\/wp\/v2\/posts"}],"about":[{"href":"https:\/\/canal7slp.tv\/2026\/wp-json\/wp\/v2\/types\/post"}],"author":[{"embeddable":true,"href":"https:\/\/canal7slp.tv\/2026\/wp-json\/wp\/v2\/users\/1"}],"replies":[{"embeddable":true,"href":"https:\/\/canal7slp.tv\/2026\/wp-json\/wp\/v2\/comments?post=195815"}],"version-history":[{"count":1,"href":"https:\/\/canal7slp.tv\/2026\/wp-json\/wp\/v2\/posts\/195815\/revisions"}],"predecessor-version":[{"id":195817,"href":"https:\/\/canal7slp.tv\/2026\/wp-json\/wp\/v2\/posts\/195815\/revisions\/195817"}],"wp:featuredmedia":[{"embeddable":true,"href":"https:\/\/canal7slp.tv\/2026\/wp-json\/wp\/v2\/media\/195816"}],"wp:attachment":[{"href":"https:\/\/canal7slp.tv\/2026\/wp-json\/wp\/v2\/media?parent=195815"}],"wp:term":[{"taxonomy":"category","embeddable":true,"href":"https:\/\/canal7slp.tv\/2026\/wp-json\/wp\/v2\/categories?post=195815"},{"taxonomy":"post_tag","embeddable":true,"href":"https:\/\/canal7slp.tv\/2026\/wp-json\/wp\/v2\/tags?post=195815"}],"curies":[{"name":"wp","href":"https:\/\/api.w.org\/{rel}","templated":true}]}}