{"id":195806,"date":"2026-03-14T21:20:57","date_gmt":"2026-03-15T03:20:57","guid":{"rendered":"https:\/\/canal7slp.tv\/2026\/fallece-diego-osuna-miranda-hijo-del-ceo-de-bbva-mexico-en-tragico-accidente\/"},"modified":"2026-03-14T21:21:19","modified_gmt":"2026-03-15T03:21:19","slug":"fallece-diego-osuna-miranda-hijo-del-ceo-de-bbva-mexico-en-tragico-accidente","status":"publish","type":"post","link":"https:\/\/canal7slp.tv\/2026\/fallece-diego-osuna-miranda-hijo-del-ceo-de-bbva-mexico-en-tragico-accidente\/","title":{"rendered":"Fallece Diego Osuna Miranda, hijo del CEO de BBVA M\u00e9xico, en tr\u00e1gico accidente"},"content":{"rendered":"<p>Diego Osuna Miranda, hijo de Eduardo Osuna, director general de BBVA M\u00e9xico, falleci\u00f3 en un accidente vehicular ocurrido en la carretera de cuota Toluca-Valle de Bravo. El incidente tuvo lugar el pasado fin de semana y ha conmovido a la comunidad empresarial y a los allegados de la familia.<\/p>\n<p>Las primeras indagaciones sobre el accidente indican que Osuna Miranda perdi\u00f3 el control de su veh\u00edculo. Las autoridades han iniciado una investigaci\u00f3n para esclarecer las circunstancias del siniestro. Se espera que se analicen los restos del autom\u00f3vil y se recabe el testimonio de testigos.<\/p>\n<p>Eduardo Osuna, quien ha sido un destacado ejecutivo en el sector bancario, tambi\u00e9n ha recibido condolencias de diversas personalidades. La noticia de la muerte de su hijo ha generado un amplio eco en los medios nacionales. La familia Osuna ha pedido respeto por su privacidad en estos momentos dif\u00edciles.<\/p>\n<p>El deceso de Diego Osuna Miranda se suma a las estad\u00edsticas de accidentes viales que ocurren en las carreteras del pa\u00eds. Las autoridades insistir\u00e1n en la importancia de la educaci\u00f3n vial y la prudencia al conducir, sobre todo en carreteras con alta afluencia de tr\u00e1fico.<\/p>\n","protected":false},"excerpt":{"rendered":"<p>Diego Osuna Miranda, hijo de Eduardo Osuna, director general de BBVA M\u00e9xico, falleci\u00f3 en un accidente vehicular ocurrido en la carretera de cuota Toluca-Valle de Bravo. El incidente tuvo lugar el pasado fin de semana y ha conmovido a la comunidad empresarial y a los allegados de la familia. Las primeras indagaciones sobre el accidente indican que Osuna Miranda perdi\u00f3 el control de su veh\u00edculo. Las autoridades han iniciado una investigaci\u00f3n para esclarecer las circunstancias del siniestro. Se espera que se analicen los restos del autom\u00f3vil y se recabe el testimonio de testigos. Eduardo Osuna, quien ha sido un destacado [&hellip;]<\/p>\n","protected":false},"author":2,"featured_media":195807,"comment_status":"closed","ping_status":"","sticky":false,"template":"","format":"standard","meta":{"_monsterinsights_skip_tracking":false,"_monsterinsights_sitenote_active":false,"_monsterinsights_sitenote_note":"","_monsterinsights_sitenote_category":0,"footnotes":""},"categories":[46],"tags":[],"class_list":["post-195806","post","type-post","status-publish","format-standard","has-post-thumbnail","hentry","category-nacional","post--single"],"_links":{"self":[{"href":"https:\/\/canal7slp.tv\/2026\/wp-json\/wp\/v2\/posts\/195806","targetHints":{"allow":["GET"]}}],"collection":[{"href":"https:\/\/canal7slp.tv\/2026\/wp-json\/wp\/v2\/posts"}],"about":[{"href":"https:\/\/canal7slp.tv\/2026\/wp-json\/wp\/v2\/types\/post"}],"author":[{"embeddable":true,"href":"https:\/\/canal7slp.tv\/2026\/wp-json\/wp\/v2\/users\/2"}],"replies":[{"embeddable":true,"href":"https:\/\/canal7slp.tv\/2026\/wp-json\/wp\/v2\/comments?post=195806"}],"version-history":[{"count":1,"href":"https:\/\/canal7slp.tv\/2026\/wp-json\/wp\/v2\/posts\/195806\/revisions"}],"predecessor-version":[{"id":195808,"href":"https:\/\/canal7slp.tv\/2026\/wp-json\/wp\/v2\/posts\/195806\/revisions\/195808"}],"wp:featuredmedia":[{"embeddable":true,"href":"https:\/\/canal7slp.tv\/2026\/wp-json\/wp\/v2\/media\/195807"}],"wp:attachment":[{"href":"https:\/\/canal7slp.tv\/2026\/wp-json\/wp\/v2\/media?parent=195806"}],"wp:term":[{"taxonomy":"category","embeddable":true,"href":"https:\/\/canal7slp.tv\/2026\/wp-json\/wp\/v2\/categories?post=195806"},{"taxonomy":"post_tag","embeddable":true,"href":"https:\/\/canal7slp.tv\/2026\/wp-json\/wp\/v2\/tags?post=195806"}],"curies":[{"name":"wp","href":"https:\/\/api.w.org\/{rel}","templated":true}]}}