{"id":195791,"date":"2026-03-14T21:03:36","date_gmt":"2026-03-15T03:03:36","guid":{"rendered":"https:\/\/canal7slp.tv\/2026\/formula-1-cancela-gp-de-bahrein-y-arabia-saudita-por-conflicto-en-medio-oriente\/"},"modified":"2026-03-14T21:03:56","modified_gmt":"2026-03-15T03:03:56","slug":"formula-1-cancela-gp-de-bahrein-y-arabia-saudita-por-conflicto-en-medio-oriente","status":"publish","type":"post","link":"https:\/\/canal7slp.tv\/2026\/formula-1-cancela-gp-de-bahrein-y-arabia-saudita-por-conflicto-en-medio-oriente\/","title":{"rendered":"F\u00f3rmula 1 cancela GP de Bahr\u00e9in y Arabia Saudita por conflicto en Medio Oriente"},"content":{"rendered":"<p>La F\u00f3rmula 1 confirm\u00f3 la cancelaci\u00f3n de los Grandes Premios de Bahr\u00e9in y Arabia Saudita debido al conflicto actual en Medio Oriente. Esta decisi\u00f3n fue comunicada oficialmente y refleja la preocupaci\u00f3n de la organizaci\u00f3n por la seguridad de los equipos, pilotos y aficionados en la regi\u00f3n.<\/p>\n<p>La anulaci\u00f3n de estas dos carreras, programadas para abril, dejar\u00e1 un vac\u00edo significativo en el calendario de la temporada. Esto no solo afectar\u00e1 a los aficionados que esperaban estas competencias, sino tambi\u00e9n a los equipos, quienes deben ajustar sus agendas y log\u00edsticas en medio de esta situaci\u00f3n inesperada. <\/p>\n<p>La F\u00f3rmula 1 ya est\u00e1 evaluando posibles alternativas para ocupar el espacio en el calendario, aunque los detalles a\u00fan no se han concretado. La organizaci\u00f3n subraya que la seguridad es su prioridad y que continuar\u00e1 monitoreando la evoluci\u00f3n del conflicto antes de tomar nuevas decisiones.<\/p>\n<p>Esta cancelaci\u00f3n se suma a una serie de eventos y compromisos que han sido reevaluados en la regi\u00f3n, lo que plantea interrogantes sobre el futuro de las competiciones deportivas en Medio Oriente. La F1 se compromete a mantener informados a los fans y a la comunidad automovil\u00edstica sobre cualquier novedad relacionada con el calendario.<\/p>\n","protected":false},"excerpt":{"rendered":"<p>La F\u00f3rmula 1 confirm\u00f3 la cancelaci\u00f3n de los Grandes Premios de Bahr\u00e9in y Arabia Saudita debido al conflicto actual en Medio Oriente. Esta decisi\u00f3n fue comunicada oficialmente y refleja la preocupaci\u00f3n de la organizaci\u00f3n por la seguridad de los equipos, pilotos y aficionados en la regi\u00f3n. La anulaci\u00f3n de estas dos carreras, programadas para abril, dejar\u00e1 un vac\u00edo significativo en el calendario de la temporada. Esto no solo afectar\u00e1 a los aficionados que esperaban estas competencias, sino tambi\u00e9n a los equipos, quienes deben ajustar sus agendas y log\u00edsticas en medio de esta situaci\u00f3n inesperada. La F\u00f3rmula 1 ya est\u00e1 evaluando [&hellip;]<\/p>\n","protected":false},"author":2,"featured_media":195792,"comment_status":"closed","ping_status":"","sticky":false,"template":"","format":"standard","meta":{"_monsterinsights_skip_tracking":false,"_monsterinsights_sitenote_active":false,"_monsterinsights_sitenote_note":"","_monsterinsights_sitenote_category":0,"footnotes":""},"categories":[7],"tags":[],"class_list":["post-195791","post","type-post","status-publish","format-standard","has-post-thumbnail","hentry","category-deportes","post--single"],"_links":{"self":[{"href":"https:\/\/canal7slp.tv\/2026\/wp-json\/wp\/v2\/posts\/195791","targetHints":{"allow":["GET"]}}],"collection":[{"href":"https:\/\/canal7slp.tv\/2026\/wp-json\/wp\/v2\/posts"}],"about":[{"href":"https:\/\/canal7slp.tv\/2026\/wp-json\/wp\/v2\/types\/post"}],"author":[{"embeddable":true,"href":"https:\/\/canal7slp.tv\/2026\/wp-json\/wp\/v2\/users\/2"}],"replies":[{"embeddable":true,"href":"https:\/\/canal7slp.tv\/2026\/wp-json\/wp\/v2\/comments?post=195791"}],"version-history":[{"count":1,"href":"https:\/\/canal7slp.tv\/2026\/wp-json\/wp\/v2\/posts\/195791\/revisions"}],"predecessor-version":[{"id":195793,"href":"https:\/\/canal7slp.tv\/2026\/wp-json\/wp\/v2\/posts\/195791\/revisions\/195793"}],"wp:featuredmedia":[{"embeddable":true,"href":"https:\/\/canal7slp.tv\/2026\/wp-json\/wp\/v2\/media\/195792"}],"wp:attachment":[{"href":"https:\/\/canal7slp.tv\/2026\/wp-json\/wp\/v2\/media?parent=195791"}],"wp:term":[{"taxonomy":"category","embeddable":true,"href":"https:\/\/canal7slp.tv\/2026\/wp-json\/wp\/v2\/categories?post=195791"},{"taxonomy":"post_tag","embeddable":true,"href":"https:\/\/canal7slp.tv\/2026\/wp-json\/wp\/v2\/tags?post=195791"}],"curies":[{"name":"wp","href":"https:\/\/api.w.org\/{rel}","templated":true}]}}