{"id":195785,"date":"2026-03-14T14:52:43","date_gmt":"2026-03-14T20:52:43","guid":{"rendered":"https:\/\/canal7slp.tv\/2026\/intervencion-exitosa-en-tlaxcala-arresto-del-notorio-extorsionista-comandante-callejas-en-el-contexto-del-narcotrafico-mexicano\/"},"modified":"2026-03-14T14:53:04","modified_gmt":"2026-03-14T20:53:04","slug":"intervencion-exitosa-en-tlaxcala-arresto-del-notorio-extorsionista-comandante-callejas-en-el-contexto-del-narcotrafico-mexicano","status":"publish","type":"post","link":"https:\/\/canal7slp.tv\/2026\/intervencion-exitosa-en-tlaxcala-arresto-del-notorio-extorsionista-comandante-callejas-en-el-contexto-del-narcotrafico-mexicano\/","title":{"rendered":"Intervenci\u00f3n Exitosa en Tlaxcala: Arresto del Notorio Extorsionista &#8216;Comandante Callejas&#8217; en el Contexto del Narcotr\u00e1fico Mexicano"},"content":{"rendered":"<p>En un contexto agraviado por la inseguridad y el narcotr\u00e1fico que prevalece en diversas regiones del pa\u00eds, la detenci\u00f3n de personajes vinculados a la extorsi\u00f3n y el crimen organizado adquiere una relevancia notable. El 14 de marzo, las autoridades mexicanas realizaron una operativa que result\u00f3 en la captura del denominado \u00abComandante Callejas\u00bb, un presunto extorsionador cuyo accionar delictivo hab\u00eda causado una profunda sensaci\u00f3n de vulnerabilidad en la poblaci\u00f3n de Tlaxcala. Este arresto forma parte de las acciones implementadas por el Gobierno de M\u00e9xico para combatir la ola de violencia que azota a diferentes entidades federativas del pa\u00eds, buscando restablecer la paz y la seguridad en comunidades afectadas por el crimen organizado.<\/p>\n<p>El \u00abComandante Callejas\u00bb, cuyo verdadero nombre no ha sido revelado hasta el momento, era reconocido por su participaci\u00f3n activa en redes de extorsi\u00f3n, adem\u00e1s de su presunta afiliaci\u00f3n con grupos delictivos dedicados al narcotr\u00e1fico. Su captura no s\u00f3lo representa un avance en las pol\u00edticas de seguridad, sino que tambi\u00e9n env\u00eda un mensaje contundente sobre la determinaci\u00f3n del Estado mexicano por desarticular organizaciones que ponen en jaque la integridad de sus ciudadanos. Este hecho conlleva la esperanza de que, con el desmantelamiento de figuras clave en el crimen organizado, se pueda lograr un impacto positivo en la reducci\u00f3n de la incidencia delictiva.<\/p>\n<p>Asimismo, la detenci\u00f3n de este individuo se enmarca en un contexto donde la colaboraci\u00f3n entre distintas fuerzas policiales y la procuraci\u00f3n de justicia se manifiestan como elementos esenciales en la lucha contra el narcotr\u00e1fico. Las autoridades han resaltado que la integraci\u00f3n de esfuerzos entre diferentes niveles de gobierno y la participaci\u00f3n activa de la sociedad civil son fundamentales para contrarrestar los efectos corrosivos del crimen en la vida cotidiana de los ciudadanos. En este sentido, la captura del \u00abComandante Callejas\u00bb podr\u00eda ser s\u00f3lo el inicio de una serie de operaciones que buscan desmantelar estructuras organizativas m\u00e1s complejas y as\u00ed, avanzar hacia la recuperaci\u00f3n del tejido social.<\/p>\n<p>A pesar de los logros alcanzados con esta operaci\u00f3n, es imperativo que el pa\u00eds mantenga un enfoque multidimensional en su estrategia de seguridad. No solo la represi\u00f3n de los delitos es necesaria, sino tambi\u00e9n la implementaci\u00f3n de pol\u00edticas p\u00fablicas que aborden las causas estructurales del fen\u00f3meno delictivo. En consecuencia, es crucial promover un esquema integral que contemple la educaci\u00f3n, la inclusi\u00f3n social y el desarrollo econ\u00f3mico, factores que juegan un papel determinante en la disminuci\u00f3n de la criminalidad. En suma, la detenci\u00f3n del \u00abComandante Callejas\u00bb es una se\u00f1al alentadora en la lucha contra el crimen, pero debe ser parte de un esfuerzo m\u00e1s amplio que busque transformar las condiciones subyacentes que permiten su proliferaci\u00f3n.<\/p>\n","protected":false},"excerpt":{"rendered":"<p>En un contexto agraviado por la inseguridad y el narcotr\u00e1fico que prevalece en diversas regiones del pa\u00eds, la detenci\u00f3n de personajes vinculados a la extorsi\u00f3n y el crimen organizado adquiere una relevancia notable. El 14 de marzo, las autoridades mexicanas realizaron una operativa que result\u00f3 en la captura del denominado \u00abComandante Callejas\u00bb, un presunto extorsionador cuyo accionar delictivo hab\u00eda causado una profunda sensaci\u00f3n de vulnerabilidad en la poblaci\u00f3n de Tlaxcala. Este arresto forma parte de las acciones implementadas por el Gobierno de M\u00e9xico para combatir la ola de violencia que azota a diferentes entidades federativas del pa\u00eds, buscando restablecer la [&hellip;]<\/p>\n","protected":false},"author":2,"featured_media":195786,"comment_status":"closed","ping_status":"","sticky":false,"template":"","format":"standard","meta":{"_monsterinsights_skip_tracking":false,"_monsterinsights_sitenote_active":false,"_monsterinsights_sitenote_note":"","_monsterinsights_sitenote_category":0,"footnotes":""},"categories":[46],"tags":[],"class_list":["post-195785","post","type-post","status-publish","format-standard","has-post-thumbnail","hentry","category-nacional","post--single"],"_links":{"self":[{"href":"https:\/\/canal7slp.tv\/2026\/wp-json\/wp\/v2\/posts\/195785","targetHints":{"allow":["GET"]}}],"collection":[{"href":"https:\/\/canal7slp.tv\/2026\/wp-json\/wp\/v2\/posts"}],"about":[{"href":"https:\/\/canal7slp.tv\/2026\/wp-json\/wp\/v2\/types\/post"}],"author":[{"embeddable":true,"href":"https:\/\/canal7slp.tv\/2026\/wp-json\/wp\/v2\/users\/2"}],"replies":[{"embeddable":true,"href":"https:\/\/canal7slp.tv\/2026\/wp-json\/wp\/v2\/comments?post=195785"}],"version-history":[{"count":1,"href":"https:\/\/canal7slp.tv\/2026\/wp-json\/wp\/v2\/posts\/195785\/revisions"}],"predecessor-version":[{"id":195787,"href":"https:\/\/canal7slp.tv\/2026\/wp-json\/wp\/v2\/posts\/195785\/revisions\/195787"}],"wp:featuredmedia":[{"embeddable":true,"href":"https:\/\/canal7slp.tv\/2026\/wp-json\/wp\/v2\/media\/195786"}],"wp:attachment":[{"href":"https:\/\/canal7slp.tv\/2026\/wp-json\/wp\/v2\/media?parent=195785"}],"wp:term":[{"taxonomy":"category","embeddable":true,"href":"https:\/\/canal7slp.tv\/2026\/wp-json\/wp\/v2\/categories?post=195785"},{"taxonomy":"post_tag","embeddable":true,"href":"https:\/\/canal7slp.tv\/2026\/wp-json\/wp\/v2\/tags?post=195785"}],"curies":[{"name":"wp","href":"https:\/\/api.w.org\/{rel}","templated":true}]}}