{"id":195758,"date":"2026-03-14T13:57:34","date_gmt":"2026-03-14T19:57:34","guid":{"rendered":"https:\/\/canal7slp.tv\/2026\/abogados-apoyan-causas-feministas-pero-rechazan-vandalismo-en-protestas\/"},"modified":"2026-03-14T13:57:49","modified_gmt":"2026-03-14T19:57:49","slug":"abogados-apoyan-causas-feministas-pero-rechazan-vandalismo-en-protestas","status":"publish","type":"post","link":"https:\/\/canal7slp.tv\/2026\/abogados-apoyan-causas-feministas-pero-rechazan-vandalismo-en-protestas\/","title":{"rendered":"Abogados apoyan causas feministas pero rechazan vandalismo en protestas"},"content":{"rendered":"<p>Durante una reciente protesta relacionada con las causas feministas, un grupo de abogados expres\u00f3 su apoyo a los objetivos del movimiento, pero critic\u00f3 las pintas realizadas en diferentes edificios y espacios p\u00fablicos. Estos abogados consideran que, aunque las demandas por la equidad de g\u00e9nero son leg\u00edtimas, las acciones vand\u00e1licas pueden desvirtuar la causa y afectar la percepci\u00f3n p\u00fablica.<\/p>\n<p>La protesta, que reuni\u00f3 a un gran n\u00famero de participantes, se centr\u00f3 en la lucha contra la violencia de g\u00e9nero y la b\u00fasqueda de igualdad en diversos \u00e1mbitos. Los organizadores defendieron la importancia de visibilizar estas problem\u00e1ticas. Sin embargo, los abogados advirtieron que las pintas y las acciones destructivas pueden generar un rechazo en la sociedad y obstaculizar el avance de las reivindicaciones.<\/p>\n<p>Algunos juristas se\u00f1alaron que es fundamental encontrar formas de expresi\u00f3n que sean efectivas, pero respetuosas. Indicaron que las protestas deben centrarse en el di\u00e1logo y en la propuesta de soluciones, en lugar de recurrir a la violencia o al vandalismo. Creen que es posible luchar por los derechos sin afectar el patrimonio p\u00fablico.<\/p>\n<p>Finalmente, los abogados hicieron un llamado a mantener la unidad en la lucha feminista, subrayando que el respeto y la legalidad deben ser pilares fundamentales de cualquier protesta. A pesar de las diferencias en los m\u00e9todos, se enfatiz\u00f3 que el fin de la lucha es com\u00fan y requiere de la colaboraci\u00f3n de todos los sectores de la sociedad.<\/p>\n","protected":false},"excerpt":{"rendered":"<p>Durante una reciente protesta relacionada con las causas feministas, un grupo de abogados expres\u00f3 su apoyo a los objetivos del movimiento, pero critic\u00f3 las pintas realizadas en diferentes edificios y espacios p\u00fablicos. Estos abogados consideran que, aunque las demandas por la equidad de g\u00e9nero son leg\u00edtimas, las acciones vand\u00e1licas pueden desvirtuar la causa y afectar la percepci\u00f3n p\u00fablica. La protesta, que reuni\u00f3 a un gran n\u00famero de participantes, se centr\u00f3 en la lucha contra la violencia de g\u00e9nero y la b\u00fasqueda de igualdad en diversos \u00e1mbitos. Los organizadores defendieron la importancia de visibilizar estas problem\u00e1ticas. Sin embargo, los abogados advirtieron [&hellip;]<\/p>\n","protected":false},"author":2,"featured_media":195759,"comment_status":"closed","ping_status":"","sticky":false,"template":"","format":"standard","meta":{"_monsterinsights_skip_tracking":false,"_monsterinsights_sitenote_active":false,"_monsterinsights_sitenote_note":"","_monsterinsights_sitenote_category":0,"footnotes":""},"categories":[46],"tags":[],"class_list":["post-195758","post","type-post","status-publish","format-standard","has-post-thumbnail","hentry","category-nacional","post--single"],"_links":{"self":[{"href":"https:\/\/canal7slp.tv\/2026\/wp-json\/wp\/v2\/posts\/195758","targetHints":{"allow":["GET"]}}],"collection":[{"href":"https:\/\/canal7slp.tv\/2026\/wp-json\/wp\/v2\/posts"}],"about":[{"href":"https:\/\/canal7slp.tv\/2026\/wp-json\/wp\/v2\/types\/post"}],"author":[{"embeddable":true,"href":"https:\/\/canal7slp.tv\/2026\/wp-json\/wp\/v2\/users\/2"}],"replies":[{"embeddable":true,"href":"https:\/\/canal7slp.tv\/2026\/wp-json\/wp\/v2\/comments?post=195758"}],"version-history":[{"count":1,"href":"https:\/\/canal7slp.tv\/2026\/wp-json\/wp\/v2\/posts\/195758\/revisions"}],"predecessor-version":[{"id":195760,"href":"https:\/\/canal7slp.tv\/2026\/wp-json\/wp\/v2\/posts\/195758\/revisions\/195760"}],"wp:featuredmedia":[{"embeddable":true,"href":"https:\/\/canal7slp.tv\/2026\/wp-json\/wp\/v2\/media\/195759"}],"wp:attachment":[{"href":"https:\/\/canal7slp.tv\/2026\/wp-json\/wp\/v2\/media?parent=195758"}],"wp:term":[{"taxonomy":"category","embeddable":true,"href":"https:\/\/canal7slp.tv\/2026\/wp-json\/wp\/v2\/categories?post=195758"},{"taxonomy":"post_tag","embeddable":true,"href":"https:\/\/canal7slp.tv\/2026\/wp-json\/wp\/v2\/tags?post=195758"}],"curies":[{"name":"wp","href":"https:\/\/api.w.org\/{rel}","templated":true}]}}