{"id":195730,"date":"2026-03-14T10:23:01","date_gmt":"2026-03-14T16:23:01","guid":{"rendered":"https:\/\/canal7slp.tv\/2026\/?p=195730"},"modified":"2026-03-14T10:23:01","modified_gmt":"2026-03-14T16:23:01","slug":"53-incendios-forestales-ha-registrado-slp-solo-en-lo-que-va-del-ano","status":"publish","type":"post","link":"https:\/\/canal7slp.tv\/2026\/53-incendios-forestales-ha-registrado-slp-solo-en-lo-que-va-del-ano\/","title":{"rendered":"53 INCENDIOS FORESTALES HA REGISTRADO SLP SOLO EN LO QUE VA DEL A\u00d1O"},"content":{"rendered":"<p style=\"text-align: justify;\">La secretar\u00eda de Egolog\u00eda y Gesti\u00f3n Ambiental Sonia Mendoza revel\u00f3 que a nivel nacional San Luis Potos\u00ed ocupa el primer lugar, con m\u00e1s de 20 mil 160 hect\u00e1reas siniestradas por incendios forestales.<\/p>\n<p style=\"text-align: justify;\">Sin embargo, aclar\u00f3 que no es el estado con un mayor n\u00famero de incendios sino con m\u00e1s extensi\u00f3n territorial afectada, al decir que se han registrado 53 incendios en toda la entidad.<\/p>\n<p style=\"text-align: justify;\">Ademas, la titular de la SEGAM se\u00f1al\u00f3 que en la regi\u00f3n Altiplano es donde se tiene una mayor incidencia de incendios, debido a las caracter\u00edsticas de su vegetaci\u00f3n pero tambi\u00e9n, por su clima seco y \u00e1rido.<\/p>\n<p style=\"text-align: justify;\">En este contexto, la funcionaria estatal hizo un llamado a la poblaci\u00f3n a evitar fogatas en esta temporada vacacional de Semana Santa, no tirar colillas de cigarro y cuidar el medio ambiente entre otras acciones preventivas.<\/p>\n","protected":false},"excerpt":{"rendered":"<p>La secretar\u00eda de Egolog\u00eda y Gesti\u00f3n Ambiental Sonia Mendoza revel\u00f3 que a nivel nacional San Luis Potos\u00ed ocupa el primer lugar, con m\u00e1s de 20 mil 160 hect\u00e1reas siniestradas por incendios forestales. Sin embargo, aclar\u00f3 que no es el estado con un mayor n\u00famero de incendios sino con m\u00e1s extensi\u00f3n territorial afectada, al decir que se han registrado 53 incendios en toda la entidad. Ademas, la titular de la SEGAM se\u00f1al\u00f3 que en la regi\u00f3n Altiplano es donde se tiene una mayor incidencia de incendios, debido a las caracter\u00edsticas de su vegetaci\u00f3n pero tambi\u00e9n, por su clima seco y \u00e1rido. [&hellip;]<\/p>\n","protected":false},"author":1,"featured_media":195731,"comment_status":"closed","ping_status":"closed","sticky":false,"template":"","format":"video","meta":{"_monsterinsights_skip_tracking":false,"_monsterinsights_sitenote_active":false,"_monsterinsights_sitenote_note":"","_monsterinsights_sitenote_category":0,"footnotes":""},"categories":[5,45],"tags":[],"class_list":["post-195730","post","type-post","status-publish","format-video","has-post-thumbnail","hentry","category-destacadas","category-localesyregionales","post_format-post-format-video","post--single"],"_links":{"self":[{"href":"https:\/\/canal7slp.tv\/2026\/wp-json\/wp\/v2\/posts\/195730","targetHints":{"allow":["GET"]}}],"collection":[{"href":"https:\/\/canal7slp.tv\/2026\/wp-json\/wp\/v2\/posts"}],"about":[{"href":"https:\/\/canal7slp.tv\/2026\/wp-json\/wp\/v2\/types\/post"}],"author":[{"embeddable":true,"href":"https:\/\/canal7slp.tv\/2026\/wp-json\/wp\/v2\/users\/1"}],"replies":[{"embeddable":true,"href":"https:\/\/canal7slp.tv\/2026\/wp-json\/wp\/v2\/comments?post=195730"}],"version-history":[{"count":1,"href":"https:\/\/canal7slp.tv\/2026\/wp-json\/wp\/v2\/posts\/195730\/revisions"}],"predecessor-version":[{"id":195732,"href":"https:\/\/canal7slp.tv\/2026\/wp-json\/wp\/v2\/posts\/195730\/revisions\/195732"}],"wp:featuredmedia":[{"embeddable":true,"href":"https:\/\/canal7slp.tv\/2026\/wp-json\/wp\/v2\/media\/195731"}],"wp:attachment":[{"href":"https:\/\/canal7slp.tv\/2026\/wp-json\/wp\/v2\/media?parent=195730"}],"wp:term":[{"taxonomy":"category","embeddable":true,"href":"https:\/\/canal7slp.tv\/2026\/wp-json\/wp\/v2\/categories?post=195730"},{"taxonomy":"post_tag","embeddable":true,"href":"https:\/\/canal7slp.tv\/2026\/wp-json\/wp\/v2\/tags?post=195730"}],"curies":[{"name":"wp","href":"https:\/\/api.w.org\/{rel}","templated":true}]}}