{"id":195724,"date":"2026-03-14T10:18:04","date_gmt":"2026-03-14T16:18:04","guid":{"rendered":"https:\/\/canal7slp.tv\/2026\/?p=195724"},"modified":"2026-03-14T10:18:04","modified_gmt":"2026-03-14T16:18:04","slug":"sociedad-civil-y-comercio-lamentan-danos-tras-marcha-del-8m-en-centro-historico","status":"publish","type":"post","link":"https:\/\/canal7slp.tv\/2026\/sociedad-civil-y-comercio-lamentan-danos-tras-marcha-del-8m-en-centro-historico\/","title":{"rendered":"SOCIEDAD CIVIL Y COMERCIO LAMENTAN DA\u00d1OS TRAS MARCHA DEL 8M EN CENTRO HIST\u00d3RICO"},"content":{"rendered":"<p style=\"text-align: justify;\">Representantes de la sociedad civil organizada manifestaron su inconformidad ante los da\u00f1os registrados tras la marcha del 8M del pasado domingo 8 de Marzo en el Centro Hist\u00f3rico.<\/p>\n<p style=\"text-align: justify;\">Por ejemplo, el presidente del Colegio de Arquitectos en San Luis Potos\u00ed afirm\u00f3 que los da\u00f1os al Templo de La Compa\u00f1\u00eda si fueron considerables, al afirmar que fue tambi\u00e9n un atentado a la historia y la herencia de San Luis Potos\u00ed.<\/p>\n<p style=\"text-align: justify;\">Coment\u00f3 que a\u00fan no se cuantifican los da\u00f1os debido a que el INAH no ha concluido con el dictamen para establecer la magnitud real de los da\u00f1os.<\/p>\n<p style=\"text-align: justify;\">Por su parte, el presidente de la asociaci\u00f3n cultural independiente El Gran Tunal Juan Carlos Hern\u00e1ndez hizo un llamado a la unidad, al decir que hechos como el sucedido el pasado 8 de Marzo, generan pol\u00e9mica y posturas encontradas.<\/p>\n<p style=\"text-align: justify;\">Destacaron que esta movilizaci\u00f3n tambi\u00e9n gener\u00f3 afectaciones al comercio establecido ya que durante el paso de la marcha algunos comercios registraron pintas, cristales rotos y cortinas da\u00f1adas y cuyo costo de reparaci\u00f3n, tendr\u00e1n que ser asumidos por los propios comerciantes.<\/p>\n<p style=\"text-align: justify;\">\n","protected":false},"excerpt":{"rendered":"<p>Representantes de la sociedad civil organizada manifestaron su inconformidad ante los da\u00f1os registrados tras la marcha del 8M del pasado domingo 8 de Marzo en el Centro Hist\u00f3rico. Por ejemplo, el presidente del Colegio de Arquitectos en San Luis Potos\u00ed afirm\u00f3 que los da\u00f1os al Templo de La Compa\u00f1\u00eda si fueron considerables, al afirmar que fue tambi\u00e9n un atentado a la historia y la herencia de San Luis Potos\u00ed. Coment\u00f3 que a\u00fan no se cuantifican los da\u00f1os debido a que el INAH no ha concluido con el dictamen para establecer la magnitud real de los da\u00f1os. Por su parte, el [&hellip;]<\/p>\n","protected":false},"author":1,"featured_media":195725,"comment_status":"closed","ping_status":"closed","sticky":false,"template":"","format":"video","meta":{"_monsterinsights_skip_tracking":false,"_monsterinsights_sitenote_active":false,"_monsterinsights_sitenote_note":"","_monsterinsights_sitenote_category":0,"footnotes":""},"categories":[5,45],"tags":[],"class_list":["post-195724","post","type-post","status-publish","format-video","has-post-thumbnail","hentry","category-destacadas","category-localesyregionales","post_format-post-format-video","post--single"],"_links":{"self":[{"href":"https:\/\/canal7slp.tv\/2026\/wp-json\/wp\/v2\/posts\/195724","targetHints":{"allow":["GET"]}}],"collection":[{"href":"https:\/\/canal7slp.tv\/2026\/wp-json\/wp\/v2\/posts"}],"about":[{"href":"https:\/\/canal7slp.tv\/2026\/wp-json\/wp\/v2\/types\/post"}],"author":[{"embeddable":true,"href":"https:\/\/canal7slp.tv\/2026\/wp-json\/wp\/v2\/users\/1"}],"replies":[{"embeddable":true,"href":"https:\/\/canal7slp.tv\/2026\/wp-json\/wp\/v2\/comments?post=195724"}],"version-history":[{"count":1,"href":"https:\/\/canal7slp.tv\/2026\/wp-json\/wp\/v2\/posts\/195724\/revisions"}],"predecessor-version":[{"id":195726,"href":"https:\/\/canal7slp.tv\/2026\/wp-json\/wp\/v2\/posts\/195724\/revisions\/195726"}],"wp:featuredmedia":[{"embeddable":true,"href":"https:\/\/canal7slp.tv\/2026\/wp-json\/wp\/v2\/media\/195725"}],"wp:attachment":[{"href":"https:\/\/canal7slp.tv\/2026\/wp-json\/wp\/v2\/media?parent=195724"}],"wp:term":[{"taxonomy":"category","embeddable":true,"href":"https:\/\/canal7slp.tv\/2026\/wp-json\/wp\/v2\/categories?post=195724"},{"taxonomy":"post_tag","embeddable":true,"href":"https:\/\/canal7slp.tv\/2026\/wp-json\/wp\/v2\/tags?post=195724"}],"curies":[{"name":"wp","href":"https:\/\/api.w.org\/{rel}","templated":true}]}}