{"id":195720,"date":"2026-03-14T10:14:32","date_gmt":"2026-03-14T16:14:32","guid":{"rendered":"https:\/\/canal7slp.tv\/2026\/?p=195720"},"modified":"2026-03-14T10:14:32","modified_gmt":"2026-03-14T16:14:32","slug":"presentan-la-73a-edicion-de-la-procesion-del-silencio-en-san-luis-potosi","status":"publish","type":"post","link":"https:\/\/canal7slp.tv\/2026\/presentan-la-73a-edicion-de-la-procesion-del-silencio-en-san-luis-potosi\/","title":{"rendered":"PRESENTAN LA 73\u00aa EDICI\u00d3N DE LA PROCESI\u00d3N DEL SILENCIO EN SAN LUIS POTOS\u00cd"},"content":{"rendered":"<p>Autoridades municipales y estatales dieron a conocer la 73\u00aa edici\u00f3n de la Procesi\u00f3n del Silencio de San Luis Potos\u00ed, uno de los eventos m\u00e1s emblem\u00e1ticos de la Semana Santa en la entidad.<\/p>\n<p>El acto estuvo encabezado por presidente de Tradiciones Potosinas, Jacinto Guti\u00e9rrez Muniain, quien resalt\u00f3 el valor de la ceremonia, al mismo tiempo que reconoci\u00f3 el trabajo de la fundadora de la organizaci\u00f3n Mar\u00eda Guadalupe Romo L\u00f3pez.<\/p>\n<p>Por su parte, el titular de la Secretar\u00eda de Cultura del Estado, Mario Garc\u00eda Valdez, destac\u00f3 la devoci\u00f3n y el compromiso de las 32 cofrad\u00edas participantes, las cuales recorren 3.5 kil\u00f3metros a trav\u00e9s de las calles del Centro Hist\u00f3rico.<\/p>\n<p>En su intervenci\u00f3n, el alcalde de la capital potosina, Enrique Galindo, afirm\u00f3 que la seguridad se encuentra plenamente garantizada, al se\u00f1alar que se mantiene un trabajo coordinado entre entidades municipales, estatales y federales.<\/p>\n<p>&nbsp;<\/p>\n","protected":false},"excerpt":{"rendered":"<p>Autoridades municipales y estatales dieron a conocer la 73\u00aa edici\u00f3n de la Procesi\u00f3n del Silencio de San Luis Potos\u00ed, uno de los eventos m\u00e1s emblem\u00e1ticos de la Semana Santa en la entidad. El acto estuvo encabezado por presidente de Tradiciones Potosinas, Jacinto Guti\u00e9rrez Muniain, quien resalt\u00f3 el valor de la ceremonia, al mismo tiempo que reconoci\u00f3 el trabajo de la fundadora de la organizaci\u00f3n Mar\u00eda Guadalupe Romo L\u00f3pez. Por su parte, el titular de la Secretar\u00eda de Cultura del Estado, Mario Garc\u00eda Valdez, destac\u00f3 la devoci\u00f3n y el compromiso de las 32 cofrad\u00edas participantes, las cuales recorren 3.5 kil\u00f3metros a [&hellip;]<\/p>\n","protected":false},"author":1,"featured_media":195722,"comment_status":"closed","ping_status":"closed","sticky":false,"template":"","format":"video","meta":{"_monsterinsights_skip_tracking":false,"_monsterinsights_sitenote_active":false,"_monsterinsights_sitenote_note":"","_monsterinsights_sitenote_category":0,"footnotes":""},"categories":[5,45],"tags":[],"class_list":["post-195720","post","type-post","status-publish","format-video","has-post-thumbnail","hentry","category-destacadas","category-localesyregionales","post_format-post-format-video","post--single"],"_links":{"self":[{"href":"https:\/\/canal7slp.tv\/2026\/wp-json\/wp\/v2\/posts\/195720","targetHints":{"allow":["GET"]}}],"collection":[{"href":"https:\/\/canal7slp.tv\/2026\/wp-json\/wp\/v2\/posts"}],"about":[{"href":"https:\/\/canal7slp.tv\/2026\/wp-json\/wp\/v2\/types\/post"}],"author":[{"embeddable":true,"href":"https:\/\/canal7slp.tv\/2026\/wp-json\/wp\/v2\/users\/1"}],"replies":[{"embeddable":true,"href":"https:\/\/canal7slp.tv\/2026\/wp-json\/wp\/v2\/comments?post=195720"}],"version-history":[{"count":1,"href":"https:\/\/canal7slp.tv\/2026\/wp-json\/wp\/v2\/posts\/195720\/revisions"}],"predecessor-version":[{"id":195723,"href":"https:\/\/canal7slp.tv\/2026\/wp-json\/wp\/v2\/posts\/195720\/revisions\/195723"}],"wp:featuredmedia":[{"embeddable":true,"href":"https:\/\/canal7slp.tv\/2026\/wp-json\/wp\/v2\/media\/195722"}],"wp:attachment":[{"href":"https:\/\/canal7slp.tv\/2026\/wp-json\/wp\/v2\/media?parent=195720"}],"wp:term":[{"taxonomy":"category","embeddable":true,"href":"https:\/\/canal7slp.tv\/2026\/wp-json\/wp\/v2\/categories?post=195720"},{"taxonomy":"post_tag","embeddable":true,"href":"https:\/\/canal7slp.tv\/2026\/wp-json\/wp\/v2\/tags?post=195720"}],"curies":[{"name":"wp","href":"https:\/\/api.w.org\/{rel}","templated":true}]}}