{"id":195717,"date":"2026-03-13T22:00:41","date_gmt":"2026-03-14T04:00:41","guid":{"rendered":"https:\/\/canal7slp.tv\/2026\/?p=195717"},"modified":"2026-03-13T22:00:41","modified_gmt":"2026-03-14T04:00:41","slug":"cruz-roja-proyecta-recaudacion-superior-a-5mdp-para-este-2026","status":"publish","type":"post","link":"https:\/\/canal7slp.tv\/2026\/cruz-roja-proyecta-recaudacion-superior-a-5mdp-para-este-2026\/","title":{"rendered":"CRUZ ROJA PROYECTA RECAUDACI\u00d3N SUPERIOR A 5MDP PARA ESTE 2026"},"content":{"rendered":"<p style=\"text-align: justify;\">Al solicitar el apoyo de las dependencias p\u00fablicas el subdirector de la delegaci\u00f3n estatal de la Cruz Roja, Jes\u00fas Cerecedo S\u00e1nchez, confi\u00f3 en que para este a\u00f1o se supere la meta de recaudaci\u00f3n respecto al a\u00f1o pasado<\/p>\n<p>Coment\u00f3 que se adem\u00e1s de la colecta nacional viene tambi\u00e9n la colecta escolar la pr\u00f3xima semana al decir que tambi\u00e9n suma un importante apoyo, el que se recibe del sector educativo.<\/p>\n<p>Por otra parte, el funcionario de la Cruz Roja destac\u00f3 la importancia de aportar un donativo a esta benem\u00e9rita instituci\u00f3n, al dar cuenta de los servicios que prest\u00f3 en la entidad durante el a\u00f1o pasado.<\/p>\n<p>El subdirector de la Cruz Roja se\u00f1al\u00f3 por \u00faltimo que se mantiene el tradicional boteo en la v\u00eda p\u00fablica y que dijo, es vital para sostener los servicios diarios que ofrece a la poblaci\u00f3n.<\/p>\n","protected":false},"excerpt":{"rendered":"<p>Al solicitar el apoyo de las dependencias p\u00fablicas el subdirector de la delegaci\u00f3n estatal de la Cruz Roja, Jes\u00fas Cerecedo S\u00e1nchez, confi\u00f3 en que para este a\u00f1o se supere la meta de recaudaci\u00f3n respecto al a\u00f1o pasado Coment\u00f3 que se adem\u00e1s de la colecta nacional viene tambi\u00e9n la colecta escolar la pr\u00f3xima semana al decir que tambi\u00e9n suma un importante apoyo, el que se recibe del sector educativo. Por otra parte, el funcionario de la Cruz Roja destac\u00f3 la importancia de aportar un donativo a esta benem\u00e9rita instituci\u00f3n, al dar cuenta de los servicios que prest\u00f3 en la entidad durante [&hellip;]<\/p>\n","protected":false},"author":1,"featured_media":195718,"comment_status":"closed","ping_status":"closed","sticky":false,"template":"","format":"video","meta":{"_monsterinsights_skip_tracking":false,"_monsterinsights_sitenote_active":false,"_monsterinsights_sitenote_note":"","_monsterinsights_sitenote_category":0,"footnotes":""},"categories":[5,45],"tags":[],"class_list":["post-195717","post","type-post","status-publish","format-video","has-post-thumbnail","hentry","category-destacadas","category-localesyregionales","post_format-post-format-video","post--single"],"_links":{"self":[{"href":"https:\/\/canal7slp.tv\/2026\/wp-json\/wp\/v2\/posts\/195717","targetHints":{"allow":["GET"]}}],"collection":[{"href":"https:\/\/canal7slp.tv\/2026\/wp-json\/wp\/v2\/posts"}],"about":[{"href":"https:\/\/canal7slp.tv\/2026\/wp-json\/wp\/v2\/types\/post"}],"author":[{"embeddable":true,"href":"https:\/\/canal7slp.tv\/2026\/wp-json\/wp\/v2\/users\/1"}],"replies":[{"embeddable":true,"href":"https:\/\/canal7slp.tv\/2026\/wp-json\/wp\/v2\/comments?post=195717"}],"version-history":[{"count":1,"href":"https:\/\/canal7slp.tv\/2026\/wp-json\/wp\/v2\/posts\/195717\/revisions"}],"predecessor-version":[{"id":195719,"href":"https:\/\/canal7slp.tv\/2026\/wp-json\/wp\/v2\/posts\/195717\/revisions\/195719"}],"wp:featuredmedia":[{"embeddable":true,"href":"https:\/\/canal7slp.tv\/2026\/wp-json\/wp\/v2\/media\/195718"}],"wp:attachment":[{"href":"https:\/\/canal7slp.tv\/2026\/wp-json\/wp\/v2\/media?parent=195717"}],"wp:term":[{"taxonomy":"category","embeddable":true,"href":"https:\/\/canal7slp.tv\/2026\/wp-json\/wp\/v2\/categories?post=195717"},{"taxonomy":"post_tag","embeddable":true,"href":"https:\/\/canal7slp.tv\/2026\/wp-json\/wp\/v2\/tags?post=195717"}],"curies":[{"name":"wp","href":"https:\/\/api.w.org\/{rel}","templated":true}]}}