{"id":195693,"date":"2026-03-13T16:30:50","date_gmt":"2026-03-13T22:30:50","guid":{"rendered":"https:\/\/canal7slp.tv\/2026\/garcia-harfuch-informa-sobre-abatimiento-de-lider-del-cjng\/"},"modified":"2026-03-13T16:31:13","modified_gmt":"2026-03-13T22:31:13","slug":"garcia-harfuch-informa-sobre-abatimiento-de-lider-del-cjng","status":"publish","type":"post","link":"https:\/\/canal7slp.tv\/2026\/garcia-harfuch-informa-sobre-abatimiento-de-lider-del-cjng\/","title":{"rendered":"Garc\u00eda Harfuch informa sobre abatimiento de l\u00edder del CJNG"},"content":{"rendered":"<p>El secretario de Seguridad y Protecci\u00f3n Ciudadana, Omar Garc\u00eda Harfuch, ofreci\u00f3 una entrevista a News-Max donde brind\u00f3 detalles sobre el operativo llevado a cabo en Tapalpa, Jalisco. Este operativo se centr\u00f3 en la captura de Nemesio Rub\u00e9n Oseguera Cervantes, conocido como \u00abEl Mencho\u00bb, l\u00edder del C\u00e1rtel Jalisco Nueva Generaci\u00f3n (CJNG). La operaci\u00f3n se llev\u00f3 a cabo con el objetivo de debilitar la estructura de este grupo delictivo.<\/p>\n<p>Garc\u00eda Harfuch report\u00f3 que el operativo fue ejecutado de manera r\u00e1pida y eficiente, finalizando en menos de 24 horas. La acci\u00f3n policial comenz\u00f3 en la ma\u00f1ana del 22 de febrero, cuando las fuerzas de seguridad se movilizaron hacia la ubicaci\u00f3n del objetivo. La operaci\u00f3n result\u00f3 en el abatimiento de \u00abEl Mencho\u00bb, lo que representa un golpe significativo para el CJNG.<\/p>\n<p>El secretario tambi\u00e9n coment\u00f3 sobre los efectos inmediatos del operativo, que incluy\u00f3 bloqueos por parte del crimen organizado en diversas zonas. Estos narcobloqueos buscaron interferir con la acci\u00f3n de las fuerzas de seguridad y demostrar la capacidad de respuesta del c\u00e1rtel. Sin embargo, las autoridades se mantuvieron firmes en su plan de acci\u00f3n y lograron completar la misi\u00f3n propuesta.<\/p>\n<p>Este operativo es parte de una estrategia m\u00e1s amplia del gobierno federal para combatir la violencia y el narcotr\u00e1fico en el pa\u00eds. Las autoridades conf\u00edan en que la eliminaci\u00f3n de l\u00edderes de carteles como \u00abEl Mencho\u00bb puede contribuir a la reducci\u00f3n de la criminalidad en M\u00e9xico. La situaci\u00f3n continuar\u00e1 siendo monitoreada por las fuerzas de seguridad en la regi\u00f3n.<\/p>\n","protected":false},"excerpt":{"rendered":"<p>El secretario de Seguridad y Protecci\u00f3n Ciudadana, Omar Garc\u00eda Harfuch, ofreci\u00f3 una entrevista a News-Max donde brind\u00f3 detalles sobre el operativo llevado a cabo en Tapalpa, Jalisco. Este operativo se centr\u00f3 en la captura de Nemesio Rub\u00e9n Oseguera Cervantes, conocido como \u00abEl Mencho\u00bb, l\u00edder del C\u00e1rtel Jalisco Nueva Generaci\u00f3n (CJNG). La operaci\u00f3n se llev\u00f3 a cabo con el objetivo de debilitar la estructura de este grupo delictivo. Garc\u00eda Harfuch report\u00f3 que el operativo fue ejecutado de manera r\u00e1pida y eficiente, finalizando en menos de 24 horas. La acci\u00f3n policial comenz\u00f3 en la ma\u00f1ana del 22 de febrero, cuando las fuerzas [&hellip;]<\/p>\n","protected":false},"author":2,"featured_media":195694,"comment_status":"closed","ping_status":"","sticky":false,"template":"","format":"standard","meta":{"_monsterinsights_skip_tracking":false,"_monsterinsights_sitenote_active":false,"_monsterinsights_sitenote_note":"","_monsterinsights_sitenote_category":0,"footnotes":""},"categories":[46],"tags":[],"class_list":["post-195693","post","type-post","status-publish","format-standard","has-post-thumbnail","hentry","category-nacional","post--single"],"_links":{"self":[{"href":"https:\/\/canal7slp.tv\/2026\/wp-json\/wp\/v2\/posts\/195693","targetHints":{"allow":["GET"]}}],"collection":[{"href":"https:\/\/canal7slp.tv\/2026\/wp-json\/wp\/v2\/posts"}],"about":[{"href":"https:\/\/canal7slp.tv\/2026\/wp-json\/wp\/v2\/types\/post"}],"author":[{"embeddable":true,"href":"https:\/\/canal7slp.tv\/2026\/wp-json\/wp\/v2\/users\/2"}],"replies":[{"embeddable":true,"href":"https:\/\/canal7slp.tv\/2026\/wp-json\/wp\/v2\/comments?post=195693"}],"version-history":[{"count":1,"href":"https:\/\/canal7slp.tv\/2026\/wp-json\/wp\/v2\/posts\/195693\/revisions"}],"predecessor-version":[{"id":195695,"href":"https:\/\/canal7slp.tv\/2026\/wp-json\/wp\/v2\/posts\/195693\/revisions\/195695"}],"wp:featuredmedia":[{"embeddable":true,"href":"https:\/\/canal7slp.tv\/2026\/wp-json\/wp\/v2\/media\/195694"}],"wp:attachment":[{"href":"https:\/\/canal7slp.tv\/2026\/wp-json\/wp\/v2\/media?parent=195693"}],"wp:term":[{"taxonomy":"category","embeddable":true,"href":"https:\/\/canal7slp.tv\/2026\/wp-json\/wp\/v2\/categories?post=195693"},{"taxonomy":"post_tag","embeddable":true,"href":"https:\/\/canal7slp.tv\/2026\/wp-json\/wp\/v2\/tags?post=195693"}],"curies":[{"name":"wp","href":"https:\/\/api.w.org\/{rel}","templated":true}]}}