{"id":195690,"date":"2026-03-13T16:29:17","date_gmt":"2026-03-13T22:29:17","guid":{"rendered":"https:\/\/canal7slp.tv\/2026\/sergio-mayer-vuelve-a-san-lazaro-tras-su-salida-de-la-casa-de-los-famosos\/"},"modified":"2026-03-13T16:29:21","modified_gmt":"2026-03-13T22:29:21","slug":"sergio-mayer-vuelve-a-san-lazaro-tras-su-salida-de-la-casa-de-los-famosos","status":"publish","type":"post","link":"https:\/\/canal7slp.tv\/2026\/sergio-mayer-vuelve-a-san-lazaro-tras-su-salida-de-la-casa-de-los-famosos\/","title":{"rendered":"Sergio Mayer vuelve a San L\u00e1zaro tras su salida de La Casa de los Famosos"},"content":{"rendered":"<p>El diputado de Morena, Sergio Mayer, ha vuelto a la C\u00e1mara de Diputados tras su participaci\u00f3n en el reality show \u00abLa Casa de los Famosos\u00bb. Su regreso se confirma gracias a una fotograf\u00eda que fue compartida por uno de sus compa\u00f1eros de bancada en las redes sociales. Este hecho marca el retorno del legislador a sus funciones como representante popular despu\u00e9s de su ausencia prolongada por su participaci\u00f3n en el programa.<\/p>\n<p>Sergio Mayer es conocido por sus diversas actividades en el \u00e1mbito del entretenimiento y por su labor pol\u00edtica. Su salida del reality show ha generado expectativas sobre su desempe\u00f1o legislativo. Los seguidores de Mayer en redes han expresado su opini\u00f3n sobre su regreso y el impacto que tendr\u00e1 en su trabajo en la C\u00e1mara.<\/p>\n<p>A lo largo de su carrera, Mayer ha abordado diversos temas en el Congreso. Sin embargo, su paso por \u00abLa Casa de los Famosos\u00bb ha suscitado cr\u00edticas sobre su compromiso con su papel como diputado. La opini\u00f3n p\u00fablica seguir\u00e1 de cerca sus acciones y propuestas tras este regreso. <\/p>\n<p>La situaci\u00f3n actual de Mayer supone un nuevo cap\u00edtulo en su trayectoria. El diputado deber\u00e1 demostrar su capacidad para equilibrar su vida p\u00fablica y privada. La pol\u00edtica y el entretenimiento a menudo se cruzan, y el caso de Mayer es un claro ejemplo de ello.<\/p>\n","protected":false},"excerpt":{"rendered":"<p>El diputado de Morena, Sergio Mayer, ha vuelto a la C\u00e1mara de Diputados tras su participaci\u00f3n en el reality show \u00abLa Casa de los Famosos\u00bb. Su regreso se confirma gracias a una fotograf\u00eda que fue compartida por uno de sus compa\u00f1eros de bancada en las redes sociales. Este hecho marca el retorno del legislador a sus funciones como representante popular despu\u00e9s de su ausencia prolongada por su participaci\u00f3n en el programa. Sergio Mayer es conocido por sus diversas actividades en el \u00e1mbito del entretenimiento y por su labor pol\u00edtica. Su salida del reality show ha generado expectativas sobre su desempe\u00f1o [&hellip;]<\/p>\n","protected":false},"author":2,"featured_media":195691,"comment_status":"closed","ping_status":"","sticky":false,"template":"","format":"standard","meta":{"_monsterinsights_skip_tracking":false,"_monsterinsights_sitenote_active":false,"_monsterinsights_sitenote_note":"","_monsterinsights_sitenote_category":0,"footnotes":""},"categories":[46],"tags":[],"class_list":["post-195690","post","type-post","status-publish","format-standard","has-post-thumbnail","hentry","category-nacional","post--single"],"_links":{"self":[{"href":"https:\/\/canal7slp.tv\/2026\/wp-json\/wp\/v2\/posts\/195690","targetHints":{"allow":["GET"]}}],"collection":[{"href":"https:\/\/canal7slp.tv\/2026\/wp-json\/wp\/v2\/posts"}],"about":[{"href":"https:\/\/canal7slp.tv\/2026\/wp-json\/wp\/v2\/types\/post"}],"author":[{"embeddable":true,"href":"https:\/\/canal7slp.tv\/2026\/wp-json\/wp\/v2\/users\/2"}],"replies":[{"embeddable":true,"href":"https:\/\/canal7slp.tv\/2026\/wp-json\/wp\/v2\/comments?post=195690"}],"version-history":[{"count":1,"href":"https:\/\/canal7slp.tv\/2026\/wp-json\/wp\/v2\/posts\/195690\/revisions"}],"predecessor-version":[{"id":195692,"href":"https:\/\/canal7slp.tv\/2026\/wp-json\/wp\/v2\/posts\/195690\/revisions\/195692"}],"wp:featuredmedia":[{"embeddable":true,"href":"https:\/\/canal7slp.tv\/2026\/wp-json\/wp\/v2\/media\/195691"}],"wp:attachment":[{"href":"https:\/\/canal7slp.tv\/2026\/wp-json\/wp\/v2\/media?parent=195690"}],"wp:term":[{"taxonomy":"category","embeddable":true,"href":"https:\/\/canal7slp.tv\/2026\/wp-json\/wp\/v2\/categories?post=195690"},{"taxonomy":"post_tag","embeddable":true,"href":"https:\/\/canal7slp.tv\/2026\/wp-json\/wp\/v2\/tags?post=195690"}],"curies":[{"name":"wp","href":"https:\/\/api.w.org\/{rel}","templated":true}]}}