{"id":195681,"date":"2026-03-13T14:44:04","date_gmt":"2026-03-13T20:44:04","guid":{"rendered":"https:\/\/canal7slp.tv\/2026\/estudiantes-en-mexico-disfrutaran-de-vacaciones-especiales\/"},"modified":"2026-03-13T14:44:25","modified_gmt":"2026-03-13T20:44:25","slug":"estudiantes-en-mexico-disfrutaran-de-vacaciones-especiales","status":"publish","type":"post","link":"https:\/\/canal7slp.tv\/2026\/estudiantes-en-mexico-disfrutaran-de-vacaciones-especiales\/","title":{"rendered":"Estudiantes en M\u00e9xico disfrutar\u00e1n de vacaciones especiales"},"content":{"rendered":"<p>La semana posterior a la celebraci\u00f3n de Semana Santa es un periodo que tiene un significado especial para la comunidad cat\u00f3lica. Por esta raz\u00f3n, muchas instituciones educativas en M\u00e9xico suspenden sus actividades en esos d\u00edas. Sin embargo, una entidad espec\u00edfica ha decidido no seguir esta pr\u00e1ctica habitual, generando una considerable discusi\u00f3n entre padres de familia y autoridades educativas.<\/p>\n<p>El municipio en cuesti\u00f3n ha optado por mantener sus clases en el periodo que tradicionalmente es considerado de descanso. Las autoridades escolares argumentan que la continuidad en la educaci\u00f3n es fundamental para el avance acad\u00e9mico de los estudiantes. Sin embargo, esta decisi\u00f3n ha sido recibida con cr\u00edticas por quienes consideran que la suspensi\u00f3n de actividades contribuye a un acercamiento espiritual y familiar durante estos d\u00edas de reflexi\u00f3n y celebraci\u00f3n religiosa.<\/p>\n<p>Algunas escuelas han se\u00f1alado que la falta de vacaciones podr\u00eda afectar el bienestar emocional de los estudiantes. Explican que el tiempo destinado a la celebraci\u00f3n de Semana Santa es crucial para que las familias puedan reunirse y participar en las tradiciones religiosas que forman parte de su cultura.<\/p>\n<p>La situaci\u00f3n plantea un dilema que enfrenta la educaci\u00f3n moderna ante las tradiciones religiosas de la comunidad. Las discusiones sobre el calendario escolar contin\u00faan, a medida que se busca un equilibrio entre el rendimiento acad\u00e9mico y el respeto a las creencias y costumbres de los ciudadanos.<\/p>\n","protected":false},"excerpt":{"rendered":"<p>La semana posterior a la celebraci\u00f3n de Semana Santa es un periodo que tiene un significado especial para la comunidad cat\u00f3lica. Por esta raz\u00f3n, muchas instituciones educativas en M\u00e9xico suspenden sus actividades en esos d\u00edas. Sin embargo, una entidad espec\u00edfica ha decidido no seguir esta pr\u00e1ctica habitual, generando una considerable discusi\u00f3n entre padres de familia y autoridades educativas. El municipio en cuesti\u00f3n ha optado por mantener sus clases en el periodo que tradicionalmente es considerado de descanso. Las autoridades escolares argumentan que la continuidad en la educaci\u00f3n es fundamental para el avance acad\u00e9mico de los estudiantes. Sin embargo, esta decisi\u00f3n [&hellip;]<\/p>\n","protected":false},"author":2,"featured_media":195682,"comment_status":"closed","ping_status":"","sticky":false,"template":"","format":"standard","meta":{"_monsterinsights_skip_tracking":false,"_monsterinsights_sitenote_active":false,"_monsterinsights_sitenote_note":"","_monsterinsights_sitenote_category":0,"footnotes":""},"categories":[46],"tags":[],"class_list":["post-195681","post","type-post","status-publish","format-standard","has-post-thumbnail","hentry","category-nacional","post--single"],"_links":{"self":[{"href":"https:\/\/canal7slp.tv\/2026\/wp-json\/wp\/v2\/posts\/195681","targetHints":{"allow":["GET"]}}],"collection":[{"href":"https:\/\/canal7slp.tv\/2026\/wp-json\/wp\/v2\/posts"}],"about":[{"href":"https:\/\/canal7slp.tv\/2026\/wp-json\/wp\/v2\/types\/post"}],"author":[{"embeddable":true,"href":"https:\/\/canal7slp.tv\/2026\/wp-json\/wp\/v2\/users\/2"}],"replies":[{"embeddable":true,"href":"https:\/\/canal7slp.tv\/2026\/wp-json\/wp\/v2\/comments?post=195681"}],"version-history":[{"count":1,"href":"https:\/\/canal7slp.tv\/2026\/wp-json\/wp\/v2\/posts\/195681\/revisions"}],"predecessor-version":[{"id":195683,"href":"https:\/\/canal7slp.tv\/2026\/wp-json\/wp\/v2\/posts\/195681\/revisions\/195683"}],"wp:featuredmedia":[{"embeddable":true,"href":"https:\/\/canal7slp.tv\/2026\/wp-json\/wp\/v2\/media\/195682"}],"wp:attachment":[{"href":"https:\/\/canal7slp.tv\/2026\/wp-json\/wp\/v2\/media?parent=195681"}],"wp:term":[{"taxonomy":"category","embeddable":true,"href":"https:\/\/canal7slp.tv\/2026\/wp-json\/wp\/v2\/categories?post=195681"},{"taxonomy":"post_tag","embeddable":true,"href":"https:\/\/canal7slp.tv\/2026\/wp-json\/wp\/v2\/tags?post=195681"}],"curies":[{"name":"wp","href":"https:\/\/api.w.org\/{rel}","templated":true}]}}